{"id":1126,"date":"2016-10-10T17:25:45","date_gmt":"2016-10-10T15:25:45","guid":{"rendered":"http:\/\/www.pierresuchet.com\/?p=1126"},"modified":"2019-02-01T14:38:34","modified_gmt":"2019-02-01T13:38:34","slug":"primaires-de-la-courbe-premiers-resultats","status":"publish","type":"post","link":"https:\/\/www.pierresuchet.com\/?p=1126","title":{"rendered":"Primaires de la courbe &#8211; Premiers r\u00e9sultats"},"content":{"rendered":"<h4>Le comptage des votes pour les <a href=\"https:\/\/www.pierresuchet.com\/?p=1068\">Primaires de la courbe<\/a> est termin\u00e9. Apr\u00e8s une <a href=\"https:\/\/www.pierresuchet.com\/?p=1089\">intense campagne<\/a> des diff\u00e9rents <a href=\"https:\/\/www.pierresuchet.com\/?p=1087\">candidats<\/a>, voici les r\u00e9sultats :<\/h4>\n<h4><img loading=\"lazy\" decoding=\"async\" class=\"alignnone size-full wp-image-1135\" src=\"https:\/\/www.pierresuchet.com\/Photo\/wp-content\/uploads\/2016\/10\/Resultats-1.jpg\" alt=\"resultats-1\" width=\"750\" height=\"500\" srcset=\"https:\/\/www.pierresuchet.com\/Photo\/wp-content\/uploads\/2016\/10\/Resultats-1.jpg 750w, https:\/\/www.pierresuchet.com\/Photo\/wp-content\/uploads\/2016\/10\/Resultats-1-300x200.jpg 300w, https:\/\/www.pierresuchet.com\/Photo\/wp-content\/uploads\/2016\/10\/Resultats-1-280x187.jpg 280w\" sizes=\"auto, (max-width: 750px) 100vw, 750px\" \/><\/h4>\n<h4>La \u00ab\u00a0<strong>Convergence impr\u00e9vue du temps donn\u00e9 au temps<\/strong>\u00ab\u00a0, dirig\u00e9e par une photo carr\u00e9e, arrive tr\u00e8s l\u00e9g\u00e8rement en t\u00eate avec 1,9% des voix. C&rsquo;est la seule candidature ayant r\u00e9ussi \u00e0 s\u00e9duire deux \u00e9lecteurs. Les autres candidats n&rsquo;ont obtenu qu&rsquo;une voix, victimes de l&rsquo;extr\u00eame dispersion des votes, dans un contexte de candidatures extr\u00eamement nombreuses (10 photos x 10 noms x 10 adjectifs x 10 compl\u00e9ments = 10 000 combinaisons \u00e9taient propos\u00e9es aux \u00e9lecteurs).<\/h4>\n<h4>Le nouveau pr\u00e9sident va devoir composer un gouvernement en tenant compte de la r\u00e9partition des votes.<\/h4>\n<h4><\/h4>\n<h4>Pour le <strong>Minist\u00e8re des Courbes<\/strong>, les 3 candidates arriv\u00e9s en t\u00eate sont :<br \/>\n&#8211; la photo 4, issue du 1er arrondissement de Lyon, avec 19,4% des voix<\/h4>\n<h4><img loading=\"lazy\" decoding=\"async\" class=\"alignnone size-full wp-image-1136\" src=\"https:\/\/www.pierresuchet.com\/Photo\/wp-content\/uploads\/2016\/10\/Resultats-2.jpg\" alt=\"resultats-2\" width=\"750\" height=\"500\" srcset=\"https:\/\/www.pierresuchet.com\/Photo\/wp-content\/uploads\/2016\/10\/Resultats-2.jpg 750w, https:\/\/www.pierresuchet.com\/Photo\/wp-content\/uploads\/2016\/10\/Resultats-2-300x200.jpg 300w, https:\/\/www.pierresuchet.com\/Photo\/wp-content\/uploads\/2016\/10\/Resultats-2-280x187.jpg 280w\" sizes=\"auto, (max-width: 750px) 100vw, 750px\" \/><\/h4>\n<h4>&#8211; la photo 8, elle aussi issue du 1er arrondissement, avec 17,5% des voix<\/h4>\n<h4><img loading=\"lazy\" decoding=\"async\" class=\"alignnone size-full wp-image-1141\" src=\"https:\/\/www.pierresuchet.com\/Photo\/wp-content\/uploads\/2016\/10\/Resultats-7.jpg\" alt=\"resultats-7\" width=\"750\" height=\"500\" srcset=\"https:\/\/www.pierresuchet.com\/Photo\/wp-content\/uploads\/2016\/10\/Resultats-7.jpg 750w, https:\/\/www.pierresuchet.com\/Photo\/wp-content\/uploads\/2016\/10\/Resultats-7-300x200.jpg 300w, https:\/\/www.pierresuchet.com\/Photo\/wp-content\/uploads\/2016\/10\/Resultats-7-280x187.jpg 280w\" sizes=\"auto, (max-width: 750px) 100vw, 750px\" \/><\/h4>\n<h4>&#8211; la photo 1, issue du 5eme arrondissement, avec 15,5% des voix.<\/h4>\n<h4><img loading=\"lazy\" decoding=\"async\" class=\"alignnone size-full wp-image-1142\" src=\"https:\/\/www.pierresuchet.com\/Photo\/wp-content\/uploads\/2016\/10\/Resultats-8.jpg\" alt=\"resultats-8\" width=\"750\" height=\"500\" srcset=\"https:\/\/www.pierresuchet.com\/Photo\/wp-content\/uploads\/2016\/10\/Resultats-8.jpg 750w, https:\/\/www.pierresuchet.com\/Photo\/wp-content\/uploads\/2016\/10\/Resultats-8-300x200.jpg 300w, https:\/\/www.pierresuchet.com\/Photo\/wp-content\/uploads\/2016\/10\/Resultats-8-280x187.jpg 280w\" sizes=\"auto, (max-width: 750px) 100vw, 750px\" \/><\/h4>\n<h4><\/h4>\n<h4>Pour le <strong>Minist\u00e8re du Sens<\/strong>, les 3 candidat(e)s arriv\u00e9(e)s en t\u00eate sont :<br \/>\n&#8211; Rebond avec 16,5% des voix<\/h4>\n<h4><img loading=\"lazy\" decoding=\"async\" class=\"alignnone size-full wp-image-1137\" src=\"https:\/\/www.pierresuchet.com\/Photo\/wp-content\/uploads\/2016\/10\/Resultats-3.jpg\" alt=\"resultats-3\" width=\"750\" height=\"500\" srcset=\"https:\/\/www.pierresuchet.com\/Photo\/wp-content\/uploads\/2016\/10\/Resultats-3.jpg 750w, https:\/\/www.pierresuchet.com\/Photo\/wp-content\/uploads\/2016\/10\/Resultats-3-300x200.jpg 300w, https:\/\/www.pierresuchet.com\/Photo\/wp-content\/uploads\/2016\/10\/Resultats-3-280x187.jpg 280w\" sizes=\"auto, (max-width: 750px) 100vw, 750px\" \/><\/h4>\n<h4>&#8211; Glissade avec 14,5% des voix<\/h4>\n<h4><img loading=\"lazy\" decoding=\"async\" class=\"alignnone size-full wp-image-1143\" src=\"https:\/\/www.pierresuchet.com\/Photo\/wp-content\/uploads\/2016\/10\/Resultats-9.jpg\" alt=\"resultats-9\" width=\"750\" height=\"500\" srcset=\"https:\/\/www.pierresuchet.com\/Photo\/wp-content\/uploads\/2016\/10\/Resultats-9.jpg 750w, https:\/\/www.pierresuchet.com\/Photo\/wp-content\/uploads\/2016\/10\/Resultats-9-300x200.jpg 300w, https:\/\/www.pierresuchet.com\/Photo\/wp-content\/uploads\/2016\/10\/Resultats-9-280x187.jpg 280w\" sizes=\"auto, (max-width: 750px) 100vw, 750px\" \/><\/h4>\n<h4>&#8211; D\u00e9crochage avec 12,6% des voix.<\/h4>\n<h4><img loading=\"lazy\" decoding=\"async\" class=\"alignnone size-full wp-image-1144\" src=\"https:\/\/www.pierresuchet.com\/Photo\/wp-content\/uploads\/2016\/10\/Resultats-10.jpg\" alt=\"resultats-10\" width=\"750\" height=\"500\" srcset=\"https:\/\/www.pierresuchet.com\/Photo\/wp-content\/uploads\/2016\/10\/Resultats-10.jpg 750w, https:\/\/www.pierresuchet.com\/Photo\/wp-content\/uploads\/2016\/10\/Resultats-10-300x200.jpg 300w, https:\/\/www.pierresuchet.com\/Photo\/wp-content\/uploads\/2016\/10\/Resultats-10-280x187.jpg 280w\" sizes=\"auto, (max-width: 750px) 100vw, 750px\" \/><\/h4>\n<h4><\/h4>\n<h4>Pour le <strong>Minist\u00e8re de la M\u00e9thode,<\/strong> les 3 candidats arriv\u00e9s en t\u00eate sont :<br \/>\n&#8211; Impr\u00e9vu(e) avec 15,5% des voix<\/h4>\n<h4><img loading=\"lazy\" decoding=\"async\" class=\"alignnone size-full wp-image-1138\" src=\"https:\/\/www.pierresuchet.com\/Photo\/wp-content\/uploads\/2016\/10\/Resultats-4.jpg\" alt=\"resultats-4\" width=\"750\" height=\"500\" srcset=\"https:\/\/www.pierresuchet.com\/Photo\/wp-content\/uploads\/2016\/10\/Resultats-4.jpg 750w, https:\/\/www.pierresuchet.com\/Photo\/wp-content\/uploads\/2016\/10\/Resultats-4-300x200.jpg 300w, https:\/\/www.pierresuchet.com\/Photo\/wp-content\/uploads\/2016\/10\/Resultats-4-280x187.jpg 280w\" sizes=\"auto, (max-width: 750px) 100vw, 750px\" \/><\/h4>\n<h4>&#8211; Discret(e) et Imperceptible avec 13% des voix chacun(e)<\/h4>\n<h4><img loading=\"lazy\" decoding=\"async\" class=\"alignnone size-full wp-image-1146\" src=\"https:\/\/www.pierresuchet.com\/Photo\/wp-content\/uploads\/2016\/10\/Resultats-12.jpg\" alt=\"resultats-12\" width=\"750\" height=\"500\" srcset=\"https:\/\/www.pierresuchet.com\/Photo\/wp-content\/uploads\/2016\/10\/Resultats-12.jpg 750w, https:\/\/www.pierresuchet.com\/Photo\/wp-content\/uploads\/2016\/10\/Resultats-12-300x200.jpg 300w, https:\/\/www.pierresuchet.com\/Photo\/wp-content\/uploads\/2016\/10\/Resultats-12-280x187.jpg 280w\" sizes=\"auto, (max-width: 750px) 100vw, 750px\" \/> <img loading=\"lazy\" decoding=\"async\" class=\"alignnone size-full wp-image-1145\" src=\"https:\/\/www.pierresuchet.com\/Photo\/wp-content\/uploads\/2016\/10\/Resultats-11.jpg\" alt=\"resultats-11\" width=\"750\" height=\"500\" srcset=\"https:\/\/www.pierresuchet.com\/Photo\/wp-content\/uploads\/2016\/10\/Resultats-11.jpg 750w, https:\/\/www.pierresuchet.com\/Photo\/wp-content\/uploads\/2016\/10\/Resultats-11-300x200.jpg 300w, https:\/\/www.pierresuchet.com\/Photo\/wp-content\/uploads\/2016\/10\/Resultats-11-280x187.jpg 280w\" sizes=\"auto, (max-width: 750px) 100vw, 750px\" \/><\/h4>\n<h4>&#8211; Lent(e) avec 12,6% des voix.<\/h4>\n<h4><img loading=\"lazy\" decoding=\"async\" class=\"alignnone size-full wp-image-1147\" src=\"https:\/\/www.pierresuchet.com\/Photo\/wp-content\/uploads\/2016\/10\/Resultats-13.jpg\" alt=\"resultats-13\" width=\"750\" height=\"500\" srcset=\"https:\/\/www.pierresuchet.com\/Photo\/wp-content\/uploads\/2016\/10\/Resultats-13.jpg 750w, https:\/\/www.pierresuchet.com\/Photo\/wp-content\/uploads\/2016\/10\/Resultats-13-300x200.jpg 300w, https:\/\/www.pierresuchet.com\/Photo\/wp-content\/uploads\/2016\/10\/Resultats-13-280x187.jpg 280w\" sizes=\"auto, (max-width: 750px) 100vw, 750px\" \/><\/h4>\n<h4><\/h4>\n<h4>Pour le <strong>Minist\u00e8re des D\u00e9sirs les Plus Fous (DPF)<\/strong>, les 3 candidats arriv\u00e9s en t\u00eate sont :<br \/>\n&#8211; \u00ab\u00a0du temps donn\u00e9 au temps\u00a0\u00bb avec 21,3% des voix<\/h4>\n<h4><img loading=\"lazy\" decoding=\"async\" class=\"alignnone size-full wp-image-1139\" src=\"https:\/\/www.pierresuchet.com\/Photo\/wp-content\/uploads\/2016\/10\/Resultats-5.jpg\" alt=\"resultats-5\" width=\"750\" height=\"500\" srcset=\"https:\/\/www.pierresuchet.com\/Photo\/wp-content\/uploads\/2016\/10\/Resultats-5.jpg 750w, https:\/\/www.pierresuchet.com\/Photo\/wp-content\/uploads\/2016\/10\/Resultats-5-300x200.jpg 300w, https:\/\/www.pierresuchet.com\/Photo\/wp-content\/uploads\/2016\/10\/Resultats-5-280x187.jpg 280w\" sizes=\"auto, (max-width: 750px) 100vw, 750px\" \/><\/h4>\n<h4>&#8211; \u00ab\u00a0du nombre de paradis perdus\u00a0\u00bb avec 19,4% des voix<\/h4>\n<h4><img loading=\"lazy\" decoding=\"async\" class=\"alignnone size-full wp-image-1148\" src=\"https:\/\/www.pierresuchet.com\/Photo\/wp-content\/uploads\/2016\/10\/Resultats-14.jpg\" alt=\"resultats-14\" width=\"750\" height=\"500\" srcset=\"https:\/\/www.pierresuchet.com\/Photo\/wp-content\/uploads\/2016\/10\/Resultats-14.jpg 750w, https:\/\/www.pierresuchet.com\/Photo\/wp-content\/uploads\/2016\/10\/Resultats-14-300x200.jpg 300w, https:\/\/www.pierresuchet.com\/Photo\/wp-content\/uploads\/2016\/10\/Resultats-14-280x187.jpg 280w\" sizes=\"auto, (max-width: 750px) 100vw, 750px\" \/><\/h4>\n<h4>&#8211; \u00ab\u00a0de la profondeur du creux des vagues\u00a0\u00bb avec 13,6% des voix<\/h4>\n<h4><img loading=\"lazy\" decoding=\"async\" class=\"alignnone size-full wp-image-1150\" src=\"https:\/\/www.pierresuchet.com\/Photo\/wp-content\/uploads\/2016\/10\/Resultats-16.jpg\" alt=\"resultats-16\" width=\"750\" height=\"500\" srcset=\"https:\/\/www.pierresuchet.com\/Photo\/wp-content\/uploads\/2016\/10\/Resultats-16.jpg 750w, https:\/\/www.pierresuchet.com\/Photo\/wp-content\/uploads\/2016\/10\/Resultats-16-300x200.jpg 300w, https:\/\/www.pierresuchet.com\/Photo\/wp-content\/uploads\/2016\/10\/Resultats-16-280x187.jpg 280w\" sizes=\"auto, (max-width: 750px) 100vw, 750px\" \/><\/h4>\n<h4>Pour le <strong>Minist\u00e8re des tenues de combat<\/strong>, les r\u00e9sultats sont les suivants :<br \/>\n&#8211; Rouge : 47,6%<\/h4>\n<h4><img loading=\"lazy\" decoding=\"async\" class=\"alignnone size-full wp-image-1140\" src=\"https:\/\/www.pierresuchet.com\/Photo\/wp-content\/uploads\/2016\/10\/Resultats-6.jpg\" alt=\"resultats-6\" width=\"750\" height=\"500\" srcset=\"https:\/\/www.pierresuchet.com\/Photo\/wp-content\/uploads\/2016\/10\/Resultats-6.jpg 750w, https:\/\/www.pierresuchet.com\/Photo\/wp-content\/uploads\/2016\/10\/Resultats-6-300x200.jpg 300w, https:\/\/www.pierresuchet.com\/Photo\/wp-content\/uploads\/2016\/10\/Resultats-6-280x187.jpg 280w\" sizes=\"auto, (max-width: 750px) 100vw, 750px\" \/><\/h4>\n<h4>&#8211; Verte : 38,8%<\/h4>\n<h4><img loading=\"lazy\" decoding=\"async\" class=\"alignnone size-full wp-image-1151\" src=\"https:\/\/www.pierresuchet.com\/Photo\/wp-content\/uploads\/2016\/10\/Resultats-17.jpg\" alt=\"resultats-17\" width=\"750\" height=\"500\" srcset=\"https:\/\/www.pierresuchet.com\/Photo\/wp-content\/uploads\/2016\/10\/Resultats-17.jpg 750w, https:\/\/www.pierresuchet.com\/Photo\/wp-content\/uploads\/2016\/10\/Resultats-17-300x200.jpg 300w, https:\/\/www.pierresuchet.com\/Photo\/wp-content\/uploads\/2016\/10\/Resultats-17-280x187.jpg 280w\" sizes=\"auto, (max-width: 750px) 100vw, 750px\" \/><\/h4>\n<h4>&#8211; Transparente : 13,6%<\/h4>\n<h4>Les r\u00e9sultats d\u00e9taill\u00e9s seront communiqu\u00e9s dans les prochains jours, ainsi que les analyses des commentateurs politiques.<\/h4>\n","protected":false},"excerpt":{"rendered":"<p>Le comptage des votes pour les Primaires de la courbe est termin\u00e9. Apr\u00e8s une intense campagne des diff\u00e9rents candidats, voici les r\u00e9sultats : La \u00ab\u00a0Convergence impr\u00e9vue du temps donn\u00e9 au temps\u00ab\u00a0, dirig\u00e9e par une photo carr\u00e9e, arrive tr\u00e8s l\u00e9g\u00e8rement en t\u00eate avec 1,9% des voix. C&rsquo;est la seule candidature ayant r\u00e9ussi \u00e0 s\u00e9duire deux \u00e9lecteurs&#8230;.<\/p>\n","protected":false},"author":1,"featured_media":0,"comment_status":"open","ping_status":"open","sticky":false,"template":"","format":"standard","meta":{"_monsterinsights_skip_tracking":false,"_monsterinsights_sitenote_active":false,"_monsterinsights_sitenote_note":"","_monsterinsights_sitenote_category":0,"ngg_post_thumbnail":0,"footnotes":""},"categories":[48,16,26],"tags":[62,32,52,60,55,61,57],"class_list":["post-1126","post","type-post","status-publish","format-standard","hentry","category-48","category-blog","category-expositions","tag-1er-arrondissement","tag-courbe","tag-lyon","tag-mairie","tag-primaires","tag-statistiques","tag-votation"],"_links":{"self":[{"href":"https:\/\/www.pierresuchet.com\/index.php?rest_route=\/wp\/v2\/posts\/1126","targetHints":{"allow":["GET"]}}],"collection":[{"href":"https:\/\/www.pierresuchet.com\/index.php?rest_route=\/wp\/v2\/posts"}],"about":[{"href":"https:\/\/www.pierresuchet.com\/index.php?rest_route=\/wp\/v2\/types\/post"}],"author":[{"embeddable":true,"href":"https:\/\/www.pierresuchet.com\/index.php?rest_route=\/wp\/v2\/users\/1"}],"replies":[{"embeddable":true,"href":"https:\/\/www.pierresuchet.com\/index.php?rest_route=%2Fwp%2Fv2%2Fcomments&post=1126"}],"version-history":[{"count":4,"href":"https:\/\/www.pierresuchet.com\/index.php?rest_route=\/wp\/v2\/posts\/1126\/revisions"}],"predecessor-version":[{"id":1769,"href":"https:\/\/www.pierresuchet.com\/index.php?rest_route=\/wp\/v2\/posts\/1126\/revisions\/1769"}],"wp:attachment":[{"href":"https:\/\/www.pierresuchet.com\/index.php?rest_route=%2Fwp%2Fv2%2Fmedia&parent=1126"}],"wp:term":[{"taxonomy":"category","embeddable":true,"href":"https:\/\/www.pierresuchet.com\/index.php?rest_route=%2Fwp%2Fv2%2Fcategories&post=1126"},{"taxonomy":"post_tag","embeddable":true,"href":"https:\/\/www.pierresuchet.com\/index.php?rest_route=%2Fwp%2Fv2%2Ftags&post=1126"}],"curies":[{"name":"wp","href":"https:\/\/api.w.org\/{rel}","templated":true}]}}