{"id":1231,"date":"2017-02-10T15:15:09","date_gmt":"2017-02-10T14:15:09","guid":{"rendered":"http:\/\/www.pierresuchet.com\/?p=1231"},"modified":"2017-02-10T15:23:36","modified_gmt":"2017-02-10T14:23:36","slug":"exposition-collective-a-marrakech","status":"publish","type":"post","link":"https:\/\/www.pierresuchet.com\/?p=1231","title":{"rendered":"Exposition collective \u00e0 Marrakech"},"content":{"rendered":"<p>J&rsquo;ai la joie de participer \u00e0 l&rsquo;exposition collective \u00ab\u00a0Afham\u00a0\u00bb (comprendre) \u00e0 la galerie \u00ab\u00a0<strong>Arr\u00eat sur images<\/strong>\u00a0\u00bb \u00e0 Marrakech.<\/p>\n<p><img loading=\"lazy\" decoding=\"async\" class=\"wp-image-1232 size-large alignleft\" src=\"https:\/\/www.pierresuchet.com\/Photo\/wp-content\/uploads\/2017\/02\/Marrakech-1024x568.jpg\" width=\"950\" height=\"527\" srcset=\"https:\/\/www.pierresuchet.com\/Photo\/wp-content\/uploads\/2017\/02\/Marrakech-1024x568.jpg 1024w, https:\/\/www.pierresuchet.com\/Photo\/wp-content\/uploads\/2017\/02\/Marrakech-300x166.jpg 300w, https:\/\/www.pierresuchet.com\/Photo\/wp-content\/uploads\/2017\/02\/Marrakech-768x426.jpg 768w, https:\/\/www.pierresuchet.com\/Photo\/wp-content\/uploads\/2017\/02\/Marrakech-950x527.jpg 950w, https:\/\/www.pierresuchet.com\/Photo\/wp-content\/uploads\/2017\/02\/Marrakech-280x155.jpg 280w, https:\/\/www.pierresuchet.com\/Photo\/wp-content\/uploads\/2017\/02\/Marrakech.jpg 1909w\" sizes=\"auto, (max-width: 950px) 100vw, 950px\" \/><\/p>\n<p>&nbsp;<\/p>\n<p>&nbsp;<\/p>\n<p>&nbsp;<\/p>\n<p>&nbsp;<\/p>\n<p>&nbsp;<\/p>\n<p>&nbsp;<\/p>\n<p>&nbsp;<\/p>\n<p>&nbsp;<\/p>\n<p>&nbsp;<\/p>\n<p>&nbsp;<\/p>\n<p>&nbsp;<\/p>\n<p>&nbsp;<\/p>\n<p>&nbsp;<\/p>\n<p>&nbsp;<\/p>\n<p>Cette exposition collective regroupe les<span class=\"text_exposed_show\"> six photographes gagnants du concours photos international organis\u00e9 en 2014 \/ 2015 par la fondation <strong>Europatlas<\/strong>.<\/span><\/p>\n<div class=\"text_exposed_show\">\n<p>Ce concours, dont le th\u00e8me g\u00e9n\u00e9ral \u00e9tait la photo humaniste, a permis d\u2019organiser une exposition en mars 2015 \u00e0 Lille sous le titre \u00ab\u00a0100 photos pour comprendre\u00a0\u00bb. Cette exposition a accueilli plus de 3 500 visiteurs \u00e0 la Maison Folie Wazemmes.<\/p>\n<p>Parmi les 70 photographes repr\u00e9sent\u00e9s lors de cette exposition, 6 ont \u00e9t\u00e9 choisis par un jury copr\u00e9sid\u00e9 par <strong>Jean Christophe Bechet<\/strong> (<a href=\"https:\/\/www.jcbechet.com\/\" target=\"_blank\">https:\/\/www.jcbechet.com\/<\/a>) et <strong>Pascal Ma\u00eetre<\/strong> (<a href=\"http:\/\/pascalmaitre.fr\/\" target=\"_blank\">http:\/\/pascalmaitre.fr\/<\/a>) pour exposer leur travail \u00e0 Marrakech.<\/p>\n<p>Les six photographes exposants sont:<br \/>\n<a href=\"https:\/\/www.mariadost.org\/\" target=\"_blank\">Maria Dost<\/a> (Allemagne)<br \/>\n<a href=\"http:\/\/www.cirobattiloro.com\/\" target=\"_blank\">Ciro Battiloro<\/a> (Italie)<br \/>\n<a href=\"http:\/\/saudalfaisal.photoshelter.com\/index\" target=\"_blank\">Saud A. Faisal<\/a> (Bangladesh)<br \/>\nPierre Suchet (France)<br \/>\n<a href=\"http:\/\/blackocean.ch\/\" target=\"_blank\">Pit Buehler<\/a> (Suisse)<br \/>\n<a href=\"http:\/\/vice.one\/\" target=\"_blank\">Vice<\/a> (Pays-Bas)<\/p>\n<p>Programme:<br \/>\n21 F\u00e9vrier Pr\u00e9sentation de l&rsquo;exposition lors de l&rsquo;inauguration du <a href=\"https:\/\/www.facebook.com\/Festival.National.Tcm.Marrakech\/\" target=\"_blank\">Festival TCM<\/a> (Tr\u00e8s Court M\u00e9trage) de Marrakech<br \/>\n23 F\u00e9vrier Vernissage de l&rsquo;exposition<\/p>\n<p>Plus d&rsquo;infos sur le site de la galerie : <a href=\"https:\/\/l.facebook.com\/l.php?u=http%3A%2F%2Fwww.arretsurimages.photos%2F&amp;h=ATNh7JV65dT_0fKHjDXPpWQiu_tglRb2I4tNrFQpX9e_3KTWk565c8ULgZM8thjZUA9Q-lwOVZtQYzd62XTHHA1wBPeNwMO5GHQwiVfkpa5MbmhmN_5IujZo_cIR5oNKioRU6ALhXQ&amp;enc=AZM84z3f62JPkWyZU2g37W-J0SVk8JaP5FO3Of-qYh5YF8Ymc_fwBApPtb11bpRY8ZKVrRauMps9-QeEl5rw1DnEIrmegW3uxxKRE-uHAwTUEY8T1Y4RRoGoO0HC46WWZodm0AKPhtxTKhaQ2_f7IFA7cnRs-tWJ7UMCxHxFPPjWZJRGaUaIH0dl4fPmH0cQC78&amp;s=1\" target=\"_blank\" rel=\"nofollow\">http:\/\/www.arretsurimages.photos\/<\/a><\/p>\n<\/div>\n<p>&nbsp;<\/p>\n","protected":false},"excerpt":{"rendered":"<p>J&rsquo;ai la joie de participer \u00e0 l&rsquo;exposition collective \u00ab\u00a0Afham\u00a0\u00bb (comprendre) \u00e0 la galerie \u00ab\u00a0Arr\u00eat sur images\u00a0\u00bb \u00e0 Marrakech. &nbsp; &nbsp; &nbsp; &nbsp; &nbsp; &nbsp; &nbsp; &nbsp; &nbsp; &nbsp; &nbsp; &nbsp; &nbsp; &nbsp; Cette exposition collective regroupe les six photographes gagnants du concours photos international organis\u00e9 en 2014 \/ 2015 par la fondation Europatlas. Ce concours,&#8230;<\/p>\n","protected":false},"author":1,"featured_media":0,"comment_status":"open","ping_status":"open","sticky":false,"template":"","format":"standard","meta":{"_monsterinsights_skip_tracking":false,"_monsterinsights_sitenote_active":false,"_monsterinsights_sitenote_note":"","_monsterinsights_sitenote_category":0,"ngg_post_thumbnail":0,"footnotes":""},"categories":[69,16,26],"tags":[73,29,23,71,70,72,25],"class_list":["post-1231","post","type-post","status-publish","format-standard","hentry","category-69","category-blog","category-expositions","tag-arret-sur-images","tag-europatlas","tag-exposition","tag-maroc","tag-marrakech","tag-portraits","tag-togo"],"_links":{"self":[{"href":"https:\/\/www.pierresuchet.com\/index.php?rest_route=\/wp\/v2\/posts\/1231","targetHints":{"allow":["GET"]}}],"collection":[{"href":"https:\/\/www.pierresuchet.com\/index.php?rest_route=\/wp\/v2\/posts"}],"about":[{"href":"https:\/\/www.pierresuchet.com\/index.php?rest_route=\/wp\/v2\/types\/post"}],"author":[{"embeddable":true,"href":"https:\/\/www.pierresuchet.com\/index.php?rest_route=\/wp\/v2\/users\/1"}],"replies":[{"embeddable":true,"href":"https:\/\/www.pierresuchet.com\/index.php?rest_route=%2Fwp%2Fv2%2Fcomments&post=1231"}],"version-history":[{"count":3,"href":"https:\/\/www.pierresuchet.com\/index.php?rest_route=\/wp\/v2\/posts\/1231\/revisions"}],"predecessor-version":[{"id":1235,"href":"https:\/\/www.pierresuchet.com\/index.php?rest_route=\/wp\/v2\/posts\/1231\/revisions\/1235"}],"wp:attachment":[{"href":"https:\/\/www.pierresuchet.com\/index.php?rest_route=%2Fwp%2Fv2%2Fmedia&parent=1231"}],"wp:term":[{"taxonomy":"category","embeddable":true,"href":"https:\/\/www.pierresuchet.com\/index.php?rest_route=%2Fwp%2Fv2%2Fcategories&post=1231"},{"taxonomy":"post_tag","embeddable":true,"href":"https:\/\/www.pierresuchet.com\/index.php?rest_route=%2Fwp%2Fv2%2Ftags&post=1231"}],"curies":[{"name":"wp","href":"https:\/\/api.w.org\/{rel}","templated":true}]}}