{"id":1497,"date":"2018-01-26T15:51:39","date_gmt":"2018-01-26T14:51:39","guid":{"rendered":"http:\/\/www.pierresuchet.com\/?p=1497"},"modified":"2019-02-01T15:12:45","modified_gmt":"2019-02-01T14:12:45","slug":"inversion-de-la-courbe-video","status":"publish","type":"post","link":"https:\/\/www.pierresuchet.com\/?p=1497","title":{"rendered":"Inversion de la courbe &#8211; Vid\u00e9o"},"content":{"rendered":"<p style=\"text-align: center;\"><iframe loading=\"lazy\" src=\"https:\/\/player.vimeo.com\/video\/294412675\" allowfullscreen=\"allowfullscreen\" width=\"640\" height=\"360\" frameborder=\"0\"><\/iframe><\/p>\n<p><strong>Synopsis :<\/strong><br \/>\nUn rapprochement ludique entre courbes statistiques et photographie argentique, avec une pinc\u00e9e d&rsquo;humour et un soup\u00e7on de po\u00e9sie.<\/p>\n<p><strong>Note d&rsquo;intention :<\/strong><br \/>\nLes courbes et graphiques statistiques envahissent des territoires de plus en plus vastes de l&rsquo;exp\u00e9rience humaine. Cette approche num\u00e9rique du monde est souvent pr\u00e9sent\u00e9e comme neutre et objective. J&rsquo;ai voulu interroger cet univers statistique en le rapprochant de ma pratique : la photographie.<\/p>\n<p>La d\u00e9marche peut para\u00eetre incongrue. Les points communs s&rsquo;av\u00e8rent pourtant nombreux :<br \/>\nla forme visuelle tout d&rsquo;abord. Ensuite, dans les deux cas, il y a un choix de sujet, de cadre, de format, de ce qu&rsquo;on inclut et de ce qu&rsquo;on rejette dans le hors-champ. Un choix d&rsquo;\u00e9chelle de temps qui fige dans l&rsquo;\u00e9ph\u00e9m\u00e8re de la conjoncture ou au contraire donne \u00e0 voir une profondeur historique. Un choix de point de vue et de focale qui peut dilater l&rsquo;\u00e9chelle pour construire une perspective particuli\u00e8re. Enfin, une l\u00e9gende qui oriente la lecture.<\/p>\n<p>Pour mettre en image cette analogie, j&rsquo;ai choisi la photographie argentique, comme une forme de r\u00e9sistance \u00e0 la pratique num\u00e9rique. Trois appareils, de trois g\u00e9n\u00e9rations succcessives (1963, 1981 et 1996) et de trois formats : panoramique (24&#215;65), carr\u00e9 (6&#215;6) et 24&#215;36. Des photographies prises dans mon quartier, dans les escaliers des pentes de la Croix Rousse \u00e0 Lyon, entre 2013 et 2017. Le fruit d&rsquo;un long rep\u00e9rage de la course du soleil au fil des mois et des journ\u00e9es, pour capturer l&rsquo;instant d\u00e9cisif, durant lequel le soleil projette sur les murs une ombre de la main courante qui longe chaque escalier. Une ombre dont la forme r\u00e9v\u00e8le l&rsquo;\u00e9cart avec l&rsquo;apparence de la main courante, avec la volont\u00e9 de semer le doute chez le spectateur.<\/p>\n<p>Pour compl\u00e9ter l&rsquo;analogie visuelle entre mes photographies et les statistiques, la bande son ajoute une 3eme similitude : les partitions musicales et leur ligne m\u00e9lodique. La musique choisie est l&rsquo;introduction de l&rsquo;Offrande musicale de JS Bach. Ce th\u00e8me aurait \u00e9t\u00e9 jou\u00e9 \u00e0 la fl\u00fbte par Fr\u00e9d\u00e9ric II, roi de Prusse, qui aurait ensuite demand\u00e9 \u00e0 JS Bach de composer des variations \u00e0 partir de cette myst\u00e9rieuse m\u00e9lodie.<br \/>\nCe choix musical est une fa\u00e7on de faire \u00e9cho \u00e0 la promesse de F. Hollande, lors de ses premiers voeux aux fran\u00e7ais fin 2012, d&rsquo;inverser la courbe du chomage. En effet, ma s\u00e9rie peut aussi \u00eatre lue comme une variation artistique autour de cette promesse politique. Le th\u00e8me royal de la bande son est interpr\u00e9t\u00e9 successivement sur 3 instruments, de 3 g\u00e9n\u00e9rations diff\u00e9rentes : une guitare \u00e9lectrique, un clavecin et un grand orgue.<\/p>\n<p>Entre les s\u00e9quences instrumentales, deux voix (un homme et une femme) prononcent successivement :<br \/>\n\u2013 une s\u00e9rie de noms, puis d&rsquo;adjectifs, emprunt\u00e9s au vocabulaire \u00e9conomique ou boursier. Ces noms et adjectifs sont prononc\u00e9s \u00e0 voix haute, \u00e0 voix basse et chuchot\u00e9s, puis mont\u00e9s en forme de fugue<br \/>\n\u2013 une s\u00e9rie de phrases prononc\u00e9es en chuchotant, compos\u00e9es de ces m\u00eames noms et adjectifs, mais compl\u00e9t\u00e9s par des objets faisant d\u00e9raper la l\u00e9gende sur un terrain humoristique et po\u00e9tique.<\/p>\n<p style=\"text-align: left;\">\n<p><strong>R\u00e9alisation, photographies, montage<\/strong> : Pierre Suchet<\/p>\n<p><strong>Musicien.ne.s<\/strong> : Boris Cassone (Guitare) Violeta Coutaz (Clavecin) Lydia Sourial (Orgue)<\/p>\n<p><strong>Voix<\/strong> : Angela Lanteri, Pierre Suchet<\/p>\n<p><strong>Instruments :<\/strong><br \/>\nGuitare Fender Jaguar &amp; Hasselblad XPAN<br \/>\nClavecin Neupert mod\u00e8le Blanchet &amp; Rolleiflex 2.8f Planar<br \/>\nOrgue Merklin (N.D. de Bellecombe,Villeurbanne) &amp; Leica M6<\/p>\n<p><strong>Partition<\/strong> : L&rsquo;offrande musicale (Thema Regium) &#8211; Jean-Sebastien Bach<\/p>\n","protected":false},"excerpt":{"rendered":"<p>Synopsis : Un rapprochement ludique entre courbes statistiques et photographie argentique, avec une pinc\u00e9e d&rsquo;humour et un soup\u00e7on de po\u00e9sie. Note d&rsquo;intention : Les courbes et graphiques statistiques envahissent des territoires de plus en plus vastes de l&rsquo;exp\u00e9rience humaine. Cette approche num\u00e9rique du monde est souvent pr\u00e9sent\u00e9e comme neutre et objective. J&rsquo;ai voulu interroger cet&#8230;<\/p>\n","protected":false},"author":1,"featured_media":0,"comment_status":"open","ping_status":"open","sticky":false,"template":"","format":"standard","meta":{"_monsterinsights_skip_tracking":false,"_monsterinsights_sitenote_active":false,"_monsterinsights_sitenote_note":"","_monsterinsights_sitenote_category":0,"ngg_post_thumbnail":0,"footnotes":""},"categories":[113,16,1],"tags":[121,110,119,112,118,109,111,52,120,68,117,61],"class_list":["post-1497","post","type-post","status-publish","format-standard","hentry","category-113","category-blog","category-non-classe","tag-caverne","tag-croix-rousse","tag-film","tag-hasselblad-xpan","tag-ilford-fp4","tag-inversion-de-la-courbe","tag-leica-m6","tag-lyon","tag-platon","tag-rolleiflex","tag-statactivisme","tag-statistiques"],"_links":{"self":[{"href":"https:\/\/www.pierresuchet.com\/index.php?rest_route=\/wp\/v2\/posts\/1497","targetHints":{"allow":["GET"]}}],"collection":[{"href":"https:\/\/www.pierresuchet.com\/index.php?rest_route=\/wp\/v2\/posts"}],"about":[{"href":"https:\/\/www.pierresuchet.com\/index.php?rest_route=\/wp\/v2\/types\/post"}],"author":[{"embeddable":true,"href":"https:\/\/www.pierresuchet.com\/index.php?rest_route=\/wp\/v2\/users\/1"}],"replies":[{"embeddable":true,"href":"https:\/\/www.pierresuchet.com\/index.php?rest_route=%2Fwp%2Fv2%2Fcomments&post=1497"}],"version-history":[{"count":9,"href":"https:\/\/www.pierresuchet.com\/index.php?rest_route=\/wp\/v2\/posts\/1497\/revisions"}],"predecessor-version":[{"id":3358,"href":"https:\/\/www.pierresuchet.com\/index.php?rest_route=\/wp\/v2\/posts\/1497\/revisions\/3358"}],"wp:attachment":[{"href":"https:\/\/www.pierresuchet.com\/index.php?rest_route=%2Fwp%2Fv2%2Fmedia&parent=1497"}],"wp:term":[{"taxonomy":"category","embeddable":true,"href":"https:\/\/www.pierresuchet.com\/index.php?rest_route=%2Fwp%2Fv2%2Fcategories&post=1497"},{"taxonomy":"post_tag","embeddable":true,"href":"https:\/\/www.pierresuchet.com\/index.php?rest_route=%2Fwp%2Fv2%2Ftags&post=1497"}],"curies":[{"name":"wp","href":"https:\/\/api.w.org\/{rel}","templated":true}]}}