{"id":1602,"date":"2018-04-14T10:40:41","date_gmt":"2018-04-14T08:40:41","guid":{"rendered":"http:\/\/www.pierresuchet.com\/?p=1602"},"modified":"2018-04-14T10:40:41","modified_gmt":"2018-04-14T08:40:41","slug":"exposition-collective-a-berlin","status":"publish","type":"post","link":"https:\/\/www.pierresuchet.com\/?p=1602","title":{"rendered":"Exposition collective \u00e0 Berlin"},"content":{"rendered":"<p>J&rsquo;ai le plaisir de participer \u00e0 une expo collective \u00e0 <b>Berlin<\/b>, \u00e0 la <a href=\"http:\/\/www.hausderdemokratie.de\" target=\"_blank\" rel=\"noopener\">Maison de la D\u00e9mocratie et des Droits de l&rsquo;Homme<\/a> en compagnie de 7 excellent.e.s photographes :<br \/>\n. Alain Boucheret (France)<br \/>\n. Fethi Sahraoui (Alg\u00e9rie)<br \/>\n. Maria Dost (Allemagne)<br \/>\n. Renata Ginzburg (USA)<br \/>\n. Tamara Micanovic (Serbie)<br \/>\n. Ciro Battiloro (Italie)<br \/>\n. Gilbert Vasseur (France).<\/p>\n<p>J&rsquo;exposerai une s\u00e9rie in\u00e9dite sur le <b>Togo<\/b>.<\/p>\n<p><b>Vernissage<\/b> le 17 Mai 2018.<\/p>\n<p>L&rsquo;expo sera visible jusqu&rsquo;au 30 Juin 2018<\/p>\n<p>&nbsp;<\/p>\n<p><img loading=\"lazy\" decoding=\"async\" class=\"aligncenter size-full wp-image-1605\" src=\"https:\/\/www.pierresuchet.com\/Photo\/wp-content\/uploads\/2018\/04\/Affiche.jpg\" alt=\"\" width=\"1315\" height=\"1860\" srcset=\"https:\/\/www.pierresuchet.com\/Photo\/wp-content\/uploads\/2018\/04\/Affiche.jpg 1315w, https:\/\/www.pierresuchet.com\/Photo\/wp-content\/uploads\/2018\/04\/Affiche-212x300.jpg 212w, https:\/\/www.pierresuchet.com\/Photo\/wp-content\/uploads\/2018\/04\/Affiche-768x1086.jpg 768w, https:\/\/www.pierresuchet.com\/Photo\/wp-content\/uploads\/2018\/04\/Affiche-724x1024.jpg 724w, https:\/\/www.pierresuchet.com\/Photo\/wp-content\/uploads\/2018\/04\/Affiche-950x1344.jpg 950w, https:\/\/www.pierresuchet.com\/Photo\/wp-content\/uploads\/2018\/04\/Affiche-280x396.jpg 280w\" sizes=\"auto, (max-width: 1315px) 100vw, 1315px\" \/><\/p>\n","protected":false},"excerpt":{"rendered":"<p>J&rsquo;ai le plaisir de participer \u00e0 une expo collective \u00e0 Berlin, \u00e0 la Maison de la D\u00e9mocratie et des Droits de l&rsquo;Homme en compagnie de 7 excellent.e.s photographes : . Alain Boucheret (France) . Fethi Sahraoui (Alg\u00e9rie) . Maria Dost (Allemagne) . Renata Ginzburg (USA) . Tamara Micanovic (Serbie) . Ciro Battiloro (Italie) . Gilbert&#8230;<\/p>\n","protected":false},"author":1,"featured_media":0,"comment_status":"open","ping_status":"open","sticky":false,"template":"","format":"standard","meta":{"_monsterinsights_skip_tracking":false,"_monsterinsights_sitenote_active":false,"_monsterinsights_sitenote_note":"","_monsterinsights_sitenote_category":0,"ngg_post_thumbnail":0,"footnotes":""},"categories":[113,16,26],"tags":[134,135,23],"class_list":["post-1602","post","type-post","status-publish","format-standard","hentry","category-113","category-blog","category-expositions","tag-berlin","tag-exhibition","tag-exposition"],"_links":{"self":[{"href":"https:\/\/www.pierresuchet.com\/index.php?rest_route=\/wp\/v2\/posts\/1602","targetHints":{"allow":["GET"]}}],"collection":[{"href":"https:\/\/www.pierresuchet.com\/index.php?rest_route=\/wp\/v2\/posts"}],"about":[{"href":"https:\/\/www.pierresuchet.com\/index.php?rest_route=\/wp\/v2\/types\/post"}],"author":[{"embeddable":true,"href":"https:\/\/www.pierresuchet.com\/index.php?rest_route=\/wp\/v2\/users\/1"}],"replies":[{"embeddable":true,"href":"https:\/\/www.pierresuchet.com\/index.php?rest_route=%2Fwp%2Fv2%2Fcomments&post=1602"}],"version-history":[{"count":3,"href":"https:\/\/www.pierresuchet.com\/index.php?rest_route=\/wp\/v2\/posts\/1602\/revisions"}],"predecessor-version":[{"id":1606,"href":"https:\/\/www.pierresuchet.com\/index.php?rest_route=\/wp\/v2\/posts\/1602\/revisions\/1606"}],"wp:attachment":[{"href":"https:\/\/www.pierresuchet.com\/index.php?rest_route=%2Fwp%2Fv2%2Fmedia&parent=1602"}],"wp:term":[{"taxonomy":"category","embeddable":true,"href":"https:\/\/www.pierresuchet.com\/index.php?rest_route=%2Fwp%2Fv2%2Fcategories&post=1602"},{"taxonomy":"post_tag","embeddable":true,"href":"https:\/\/www.pierresuchet.com\/index.php?rest_route=%2Fwp%2Fv2%2Ftags&post=1602"}],"curies":[{"name":"wp","href":"https:\/\/api.w.org\/{rel}","templated":true}]}}