{"id":2714,"date":"2022-09-14T15:51:01","date_gmt":"2022-09-14T13:51:01","guid":{"rendered":"https:\/\/www.pierresuchet.com\/?p=2714"},"modified":"2022-09-14T15:51:12","modified_gmt":"2022-09-14T13:51:12","slug":"a-la-recherche-de-la-riviere-nievre-conference","status":"publish","type":"post","link":"https:\/\/www.pierresuchet.com\/?p=2714","title":{"rendered":"A la recherche de la rivi\u00e8re Ni\u00e8vre : conf\u00e9rence"},"content":{"rendered":"\n<div class=\"m8h3af8h l7ghb35v kjdc1dyq kmwttqpk gh25dzvf n3t5jt4f\">\n<div dir=\"auto\">Voici la captation de la conf\u00e9rence que j&rsquo;ai donn\u00e9e le 15 juillet 2022 au th\u00e9\u00e2tre des forges de Gu\u00e9rigny (Ni\u00e8vre) \u00e0 la suite de l&rsquo;inauguration de mon expo &lsquo;A la recherche de la rivi\u00e8re Ni\u00e8vre &lsquo;.<\/div>\n<div dir=\"auto\">\u00a0<\/div>\n<\/div>\n<div class=\"l7ghb35v kjdc1dyq kmwttqpk gh25dzvf jikcssrz n3t5jt4f\">\n<div dir=\"auto\"><strong>Chapitres :<\/strong><\/div>\n<ul style=\"list-style-type: circle;\">\n<li dir=\"auto\">Introduction<\/li>\n<li dir=\"auto\">2012, une r\u00e9v\u00e9lation (\u00e0 partir de 1&rsquo;43)<\/li>\n<li dir=\"auto\">Mais o\u00f9 passe-t-elle ? (\u00e0 partir de 3&rsquo;20)<\/li>\n<li dir=\"auto\">Comment la regarder ? (\u00e0 partir de 6&rsquo;35)<\/li>\n<li dir=\"auto\">Le parcours du saumon (\u00e0 partir de 11&rsquo;54)<\/li>\n<li dir=\"auto\">La carte et la vision photographique : allers-retours (\u00e0 partir de 14&rsquo;29)<\/li>\n<li dir=\"auto\">Une rivi\u00e8re aux 8 visages (\u00e0 partir de 16&rsquo;21)<\/li>\n<li dir=\"auto\">Remonter le temps (\u00e0 partir de 23&rsquo;03)<\/li>\n<li dir=\"auto\">Perspectives : la Ni\u00e8vre et au-del\u00e0 (\u00e0 partir de 25&rsquo;17)<\/li>\n<li dir=\"auto\">Inspirations (\u00e0 partir de 30&rsquo;19)<\/li>\n<\/ul>\n<\/div>\n<p><strong>Captation<\/strong> : Angela Lanteri<\/p>\n\n\n\n<div style=\"padding:56.25% 0 0 0;position:relative;\"><iframe src=\"https:\/\/player.vimeo.com\/video\/736101428?h=a1c30ab062&amp;badge=0&amp;autopause=0&amp;player_id=0&amp;app_id=58479\" frameborder=\"0\" allow=\"autoplay; fullscreen; picture-in-picture\" allowfullscreen style=\"position:absolute;top:0;left:0;width:100%;height:100%;\" title=\"A la recherche de la rivi&amp;egrave;re Ni&amp;egrave;vre\"><\/iframe><\/div><script src=\"https:\/\/player.vimeo.com\/api\/player.js\"><\/script>\n","protected":false},"excerpt":{"rendered":"<p>Voici la captation de la conf\u00e9rence que j&rsquo;ai donn\u00e9e le 15 juillet 2022 au th\u00e9\u00e2tre des forges de Gu\u00e9rigny (Ni\u00e8vre) \u00e0 la suite de l&rsquo;inauguration de mon expo &lsquo;A la recherche de la rivi\u00e8re Ni\u00e8vre &lsquo;.<\/p>\n","protected":false},"author":1,"featured_media":2715,"comment_status":"open","ping_status":"open","sticky":false,"template":"","format":"standard","meta":{"_monsterinsights_skip_tracking":false,"_monsterinsights_sitenote_active":false,"_monsterinsights_sitenote_note":"","_monsterinsights_sitenote_category":0,"ngg_post_thumbnail":0,"footnotes":""},"categories":[178,16],"tags":[58,37,36],"class_list":["post-2714","post","type-post","status-publish","format-standard","has-post-thumbnail","hentry","category-178","category-blog","tag-conference","tag-nievre","tag-riviere"],"_links":{"self":[{"href":"https:\/\/www.pierresuchet.com\/index.php?rest_route=\/wp\/v2\/posts\/2714","targetHints":{"allow":["GET"]}}],"collection":[{"href":"https:\/\/www.pierresuchet.com\/index.php?rest_route=\/wp\/v2\/posts"}],"about":[{"href":"https:\/\/www.pierresuchet.com\/index.php?rest_route=\/wp\/v2\/types\/post"}],"author":[{"embeddable":true,"href":"https:\/\/www.pierresuchet.com\/index.php?rest_route=\/wp\/v2\/users\/1"}],"replies":[{"embeddable":true,"href":"https:\/\/www.pierresuchet.com\/index.php?rest_route=%2Fwp%2Fv2%2Fcomments&post=2714"}],"version-history":[{"count":1,"href":"https:\/\/www.pierresuchet.com\/index.php?rest_route=\/wp\/v2\/posts\/2714\/revisions"}],"predecessor-version":[{"id":2716,"href":"https:\/\/www.pierresuchet.com\/index.php?rest_route=\/wp\/v2\/posts\/2714\/revisions\/2716"}],"wp:featuredmedia":[{"embeddable":true,"href":"https:\/\/www.pierresuchet.com\/index.php?rest_route=\/wp\/v2\/media\/2715"}],"wp:attachment":[{"href":"https:\/\/www.pierresuchet.com\/index.php?rest_route=%2Fwp%2Fv2%2Fmedia&parent=2714"}],"wp:term":[{"taxonomy":"category","embeddable":true,"href":"https:\/\/www.pierresuchet.com\/index.php?rest_route=%2Fwp%2Fv2%2Fcategories&post=2714"},{"taxonomy":"post_tag","embeddable":true,"href":"https:\/\/www.pierresuchet.com\/index.php?rest_route=%2Fwp%2Fv2%2Ftags&post=2714"}],"curies":[{"name":"wp","href":"https:\/\/api.w.org\/{rel}","templated":true}]}}