{"id":2717,"date":"2022-09-14T16:14:53","date_gmt":"2022-09-14T14:14:53","guid":{"rendered":"https:\/\/www.pierresuchet.com\/?p=2717"},"modified":"2022-09-14T16:15:03","modified_gmt":"2022-09-14T14:15:03","slug":"a-la-recherche-de-la-riviere-nievre-episode-3","status":"publish","type":"post","link":"https:\/\/www.pierresuchet.com\/?p=2717","title":{"rendered":"A la recherche de la rivi\u00e8re Ni\u00e8vre : \u00e9pisode 3"},"content":{"rendered":"\n<p>Mon exposition &lsquo;A la recherche de la rivi\u00e8re Ni\u00e8vre&rsquo; est install\u00e9e depuis le 1er septembre \u00e0 Pr\u00e9mery (Ni\u00e8vre), ancienne capitale europ\u00e9enne de la chimie du bois.<\/p>\n<p>&nbsp;<\/p>\n\n\n\n<figure class=\"wp-block-image size-full\"><a href=\"https:\/\/www.pierresuchet.com\/Photo\/wp-content\/uploads\/2022\/09\/WEB_A-LA-RECHERCHE-DE-LA-NI960X960-.jpg\"><img loading=\"lazy\" decoding=\"async\" width=\"960\" height=\"960\" src=\"https:\/\/www.pierresuchet.com\/Photo\/wp-content\/uploads\/2022\/09\/WEB_A-LA-RECHERCHE-DE-LA-NI960X960-.jpg\" alt=\"\" class=\"wp-image-2718\" srcset=\"https:\/\/www.pierresuchet.com\/Photo\/wp-content\/uploads\/2022\/09\/WEB_A-LA-RECHERCHE-DE-LA-NI960X960-.jpg 960w, https:\/\/www.pierresuchet.com\/Photo\/wp-content\/uploads\/2022\/09\/WEB_A-LA-RECHERCHE-DE-LA-NI960X960--300x300.jpg 300w, https:\/\/www.pierresuchet.com\/Photo\/wp-content\/uploads\/2022\/09\/WEB_A-LA-RECHERCHE-DE-LA-NI960X960--150x150.jpg 150w, https:\/\/www.pierresuchet.com\/Photo\/wp-content\/uploads\/2022\/09\/WEB_A-LA-RECHERCHE-DE-LA-NI960X960--768x768.jpg 768w, https:\/\/www.pierresuchet.com\/Photo\/wp-content\/uploads\/2022\/09\/WEB_A-LA-RECHERCHE-DE-LA-NI960X960--950x950.jpg 950w, https:\/\/www.pierresuchet.com\/Photo\/wp-content\/uploads\/2022\/09\/WEB_A-LA-RECHERCHE-DE-LA-NI960X960--280x280.jpg 280w\" sizes=\"auto, (max-width: 960px) 100vw, 960px\" \/><\/a><\/figure>\n\n\n\n<figure class=\"wp-block-image size-full\"><a href=\"https:\/\/www.pierresuchet.com\/Photo\/wp-content\/uploads\/2022\/09\/cs4_invitation_A-LA-RECHERCHE-DE-LA-NIE\u0300VRE_PIERRE_SUCHET-Premery2.jpg\"><img loading=\"lazy\" decoding=\"async\" width=\"827\" height=\"827\" src=\"https:\/\/www.pierresuchet.com\/Photo\/wp-content\/uploads\/2022\/09\/cs4_invitation_A-LA-RECHERCHE-DE-LA-NIE\u0300VRE_PIERRE_SUCHET-Premery2.jpg\" alt=\"\" class=\"wp-image-2719\" srcset=\"https:\/\/www.pierresuchet.com\/Photo\/wp-content\/uploads\/2022\/09\/cs4_invitation_A-LA-RECHERCHE-DE-LA-NIE\u0300VRE_PIERRE_SUCHET-Premery2.jpg 827w, https:\/\/www.pierresuchet.com\/Photo\/wp-content\/uploads\/2022\/09\/cs4_invitation_A-LA-RECHERCHE-DE-LA-NIE\u0300VRE_PIERRE_SUCHET-Premery2-300x300.jpg 300w, https:\/\/www.pierresuchet.com\/Photo\/wp-content\/uploads\/2022\/09\/cs4_invitation_A-LA-RECHERCHE-DE-LA-NIE\u0300VRE_PIERRE_SUCHET-Premery2-150x150.jpg 150w, https:\/\/www.pierresuchet.com\/Photo\/wp-content\/uploads\/2022\/09\/cs4_invitation_A-LA-RECHERCHE-DE-LA-NIE\u0300VRE_PIERRE_SUCHET-Premery2-768x768.jpg 768w, https:\/\/www.pierresuchet.com\/Photo\/wp-content\/uploads\/2022\/09\/cs4_invitation_A-LA-RECHERCHE-DE-LA-NIE\u0300VRE_PIERRE_SUCHET-Premery2-280x280.jpg 280w\" sizes=\"auto, (max-width: 827px) 100vw, 827px\" \/><\/a><\/figure>\n\n\n\n<div dir=\"auto\">&nbsp;<\/div>\n<div dir=\"auto\">L&rsquo;inauguration a eu lieu en pr\u00e9sence de Dominique Jolly-Meilhan, vice-pr\u00e9sidente \u00e0 la communaut\u00e9 de communes Les Bertranges, <span class=\"rse6dlih\">de<\/span> Gilles Devienne, pr\u00e9sident d\u00e9l\u00e9gu\u00e9 au contrat territorial, de <span class=\"rse6dlih\">Claire-H\u00e9l\u00e8ne Delouv\u00e9e<\/span>, directrice du CAUE et de Jean-Paul Fallet, pr\u00e9sident du CAUE.<\/div>\n<div dir=\"auto\">&nbsp;<\/div>\n<div dir=\"auto\">&nbsp;<\/div>\n\n\n\n<figure class=\"wp-block-image size-large\"><a href=\"https:\/\/www.pierresuchet.com\/Photo\/wp-content\/uploads\/2022\/09\/1-scaled.jpg\"><img loading=\"lazy\" decoding=\"async\" width=\"1024\" height=\"461\" src=\"https:\/\/www.pierresuchet.com\/Photo\/wp-content\/uploads\/2022\/09\/1-1024x461.jpg\" alt=\"\" class=\"wp-image-2720\" srcset=\"https:\/\/www.pierresuchet.com\/Photo\/wp-content\/uploads\/2022\/09\/1-1024x461.jpg 1024w, https:\/\/www.pierresuchet.com\/Photo\/wp-content\/uploads\/2022\/09\/1-300x135.jpg 300w, https:\/\/www.pierresuchet.com\/Photo\/wp-content\/uploads\/2022\/09\/1-768x346.jpg 768w, https:\/\/www.pierresuchet.com\/Photo\/wp-content\/uploads\/2022\/09\/1-1536x691.jpg 1536w, https:\/\/www.pierresuchet.com\/Photo\/wp-content\/uploads\/2022\/09\/1-2048x922.jpg 2048w, https:\/\/www.pierresuchet.com\/Photo\/wp-content\/uploads\/2022\/09\/1-950x428.jpg 950w, https:\/\/www.pierresuchet.com\/Photo\/wp-content\/uploads\/2022\/09\/1-280x126.jpg 280w\" sizes=\"auto, (max-width: 1024px) 100vw, 1024px\" \/><\/a><\/figure>\n\n\n\n<figure class=\"wp-block-image size-large\"><a href=\"https:\/\/www.pierresuchet.com\/Photo\/wp-content\/uploads\/2022\/09\/2-scaled.jpg\"><img loading=\"lazy\" decoding=\"async\" width=\"1024\" height=\"461\" src=\"https:\/\/www.pierresuchet.com\/Photo\/wp-content\/uploads\/2022\/09\/2-1024x461.jpg\" alt=\"\" class=\"wp-image-2721\" srcset=\"https:\/\/www.pierresuchet.com\/Photo\/wp-content\/uploads\/2022\/09\/2-1024x461.jpg 1024w, https:\/\/www.pierresuchet.com\/Photo\/wp-content\/uploads\/2022\/09\/2-300x135.jpg 300w, https:\/\/www.pierresuchet.com\/Photo\/wp-content\/uploads\/2022\/09\/2-768x346.jpg 768w, https:\/\/www.pierresuchet.com\/Photo\/wp-content\/uploads\/2022\/09\/2-1536x691.jpg 1536w, https:\/\/www.pierresuchet.com\/Photo\/wp-content\/uploads\/2022\/09\/2-2048x922.jpg 2048w, https:\/\/www.pierresuchet.com\/Photo\/wp-content\/uploads\/2022\/09\/2-950x428.jpg 950w, https:\/\/www.pierresuchet.com\/Photo\/wp-content\/uploads\/2022\/09\/2-280x126.jpg 280w\" sizes=\"auto, (max-width: 1024px) 100vw, 1024px\" \/><\/a><\/figure>\n\n\n\n<figure class=\"wp-block-image size-large\"><a href=\"https:\/\/www.pierresuchet.com\/Photo\/wp-content\/uploads\/2022\/09\/3-scaled.jpg\"><img loading=\"lazy\" decoding=\"async\" width=\"1024\" height=\"461\" src=\"https:\/\/www.pierresuchet.com\/Photo\/wp-content\/uploads\/2022\/09\/3-1024x461.jpg\" alt=\"\" class=\"wp-image-2722\" srcset=\"https:\/\/www.pierresuchet.com\/Photo\/wp-content\/uploads\/2022\/09\/3-1024x461.jpg 1024w, https:\/\/www.pierresuchet.com\/Photo\/wp-content\/uploads\/2022\/09\/3-300x135.jpg 300w, https:\/\/www.pierresuchet.com\/Photo\/wp-content\/uploads\/2022\/09\/3-768x346.jpg 768w, https:\/\/www.pierresuchet.com\/Photo\/wp-content\/uploads\/2022\/09\/3-1536x691.jpg 1536w, https:\/\/www.pierresuchet.com\/Photo\/wp-content\/uploads\/2022\/09\/3-2048x922.jpg 2048w, https:\/\/www.pierresuchet.com\/Photo\/wp-content\/uploads\/2022\/09\/3-950x428.jpg 950w, https:\/\/www.pierresuchet.com\/Photo\/wp-content\/uploads\/2022\/09\/3-280x126.jpg 280w\" sizes=\"auto, (max-width: 1024px) 100vw, 1024px\" \/><\/a><\/figure>\n\n\n\n<figure class=\"wp-block-image size-large\"><a href=\"https:\/\/www.pierresuchet.com\/Photo\/wp-content\/uploads\/2022\/09\/4-scaled.jpg\"><img loading=\"lazy\" decoding=\"async\" width=\"1024\" height=\"461\" src=\"https:\/\/www.pierresuchet.com\/Photo\/wp-content\/uploads\/2022\/09\/4-1024x461.jpg\" alt=\"\" class=\"wp-image-2723\" srcset=\"https:\/\/www.pierresuchet.com\/Photo\/wp-content\/uploads\/2022\/09\/4-1024x461.jpg 1024w, https:\/\/www.pierresuchet.com\/Photo\/wp-content\/uploads\/2022\/09\/4-300x135.jpg 300w, https:\/\/www.pierresuchet.com\/Photo\/wp-content\/uploads\/2022\/09\/4-768x346.jpg 768w, https:\/\/www.pierresuchet.com\/Photo\/wp-content\/uploads\/2022\/09\/4-1536x691.jpg 1536w, https:\/\/www.pierresuchet.com\/Photo\/wp-content\/uploads\/2022\/09\/4-2048x922.jpg 2048w, https:\/\/www.pierresuchet.com\/Photo\/wp-content\/uploads\/2022\/09\/4-950x428.jpg 950w, https:\/\/www.pierresuchet.com\/Photo\/wp-content\/uploads\/2022\/09\/4-280x126.jpg 280w\" sizes=\"auto, (max-width: 1024px) 100vw, 1024px\" \/><\/a><\/figure>\n\n\n\n<p>L&rsquo;exposition est visible au bord de l&rsquo;\u00e9tang de Pr\u00e9mery jusqu&rsquo;au 9 octobre.<\/p>\n","protected":false},"excerpt":{"rendered":"<p>Mon exposition &lsquo;A la recherche de la rivi\u00e8re Ni\u00e8vre&rsquo; est install\u00e9e depuis le 1er septembre \u00e0 Pr\u00e9mery (Ni\u00e8vre), ancienne capitale europ\u00e9enne de la chimie du bois.<\/p>\n","protected":false},"author":1,"featured_media":2720,"comment_status":"open","ping_status":"open","sticky":false,"template":"","format":"standard","meta":{"_monsterinsights_skip_tracking":false,"_monsterinsights_sitenote_active":false,"_monsterinsights_sitenote_note":"","_monsterinsights_sitenote_category":0,"ngg_post_thumbnail":0,"footnotes":""},"categories":[178,16],"tags":[23,37,181,36],"class_list":["post-2717","post","type-post","status-publish","format-standard","has-post-thumbnail","hentry","category-178","category-blog","tag-exposition","tag-nievre","tag-premery","tag-riviere"],"_links":{"self":[{"href":"https:\/\/www.pierresuchet.com\/index.php?rest_route=\/wp\/v2\/posts\/2717","targetHints":{"allow":["GET"]}}],"collection":[{"href":"https:\/\/www.pierresuchet.com\/index.php?rest_route=\/wp\/v2\/posts"}],"about":[{"href":"https:\/\/www.pierresuchet.com\/index.php?rest_route=\/wp\/v2\/types\/post"}],"author":[{"embeddable":true,"href":"https:\/\/www.pierresuchet.com\/index.php?rest_route=\/wp\/v2\/users\/1"}],"replies":[{"embeddable":true,"href":"https:\/\/www.pierresuchet.com\/index.php?rest_route=%2Fwp%2Fv2%2Fcomments&post=2717"}],"version-history":[{"count":2,"href":"https:\/\/www.pierresuchet.com\/index.php?rest_route=\/wp\/v2\/posts\/2717\/revisions"}],"predecessor-version":[{"id":2725,"href":"https:\/\/www.pierresuchet.com\/index.php?rest_route=\/wp\/v2\/posts\/2717\/revisions\/2725"}],"wp:featuredmedia":[{"embeddable":true,"href":"https:\/\/www.pierresuchet.com\/index.php?rest_route=\/wp\/v2\/media\/2720"}],"wp:attachment":[{"href":"https:\/\/www.pierresuchet.com\/index.php?rest_route=%2Fwp%2Fv2%2Fmedia&parent=2717"}],"wp:term":[{"taxonomy":"category","embeddable":true,"href":"https:\/\/www.pierresuchet.com\/index.php?rest_route=%2Fwp%2Fv2%2Fcategories&post=2717"},{"taxonomy":"post_tag","embeddable":true,"href":"https:\/\/www.pierresuchet.com\/index.php?rest_route=%2Fwp%2Fv2%2Ftags&post=2717"}],"curies":[{"name":"wp","href":"https:\/\/api.w.org\/{rel}","templated":true}]}}