{"id":2992,"date":"2023-02-13T22:06:07","date_gmt":"2023-02-13T21:06:07","guid":{"rendered":"https:\/\/www.pierresuchet.com\/?p=2992"},"modified":"2023-02-26T11:51:06","modified_gmt":"2023-02-26T10:51:06","slug":"il-coule-il-coule-le-furan","status":"publish","type":"post","link":"https:\/\/www.pierresuchet.com\/?p=2992","title":{"rendered":"Il coule, il coule, le Furan"},"content":{"rendered":"\n<p>Je suis vraiment heureux, honor\u00e9 (et un peu intimid\u00e9) de faire partie d&rsquo;une belle \u00e9quipe pluri-disciplinaire pour mener un passionnant projet sur le Furan.<\/p>\n\n\n\n<figure class=\"wp-block-image size-large\"><a href=\"https:\/\/www.pierresuchet.com\/Photo\/wp-content\/uploads\/2023\/02\/Projet-Furan.jpg\"><img loading=\"lazy\" decoding=\"async\" width=\"1024\" height=\"691\" src=\"https:\/\/www.pierresuchet.com\/Photo\/wp-content\/uploads\/2023\/02\/Projet-Furan-1024x691.jpg\" alt=\"Projet Furan - Institut ARTS\" class=\"wp-image-2993\" srcset=\"https:\/\/www.pierresuchet.com\/Photo\/wp-content\/uploads\/2023\/02\/Projet-Furan-1024x691.jpg 1024w, https:\/\/www.pierresuchet.com\/Photo\/wp-content\/uploads\/2023\/02\/Projet-Furan-300x202.jpg 300w, https:\/\/www.pierresuchet.com\/Photo\/wp-content\/uploads\/2023\/02\/Projet-Furan-768x518.jpg 768w, https:\/\/www.pierresuchet.com\/Photo\/wp-content\/uploads\/2023\/02\/Projet-Furan-950x641.jpg 950w, https:\/\/www.pierresuchet.com\/Photo\/wp-content\/uploads\/2023\/02\/Projet-Furan-280x189.jpg 280w, https:\/\/www.pierresuchet.com\/Photo\/wp-content\/uploads\/2023\/02\/Projet-Furan.jpg 1079w\" sizes=\"auto, (max-width: 1024px) 100vw, 1024px\" \/><\/a><\/figure>\n\n\n\n<p>Le projet \u00ab\u00a0Il coule, il coule le Furan&#8230;\u00a0\u00bb est port\u00e9 par Dani\u00e8le M\u00e9aux (Universit\u00e9 Jean Monnet, laboratoire ECLLA, en compagnie d\u2019autres enseignants-chercheurs du m\u00eame laboratoire : Rodolphe Olc\u00e8se, Anne-C\u00e9line Callens) en collaboration avec Michel Depeyre et Pierre-Olivier Mazagol (EVS), Georges-Henry Laffont, Fr\u00e9d\u00e9ric Bonnet et Oscar Barnay (ENSASE).<\/p>\n\n\n\n<p>Sont associ\u00e9s au projet : les <a rel=\"noreferrer noopener\" href=\"https:\/\/archives.saint-etienne.fr\/\" target=\"_blank\">Archives municipales de Saint-\u00c9tienne<\/a> (et son directeur Pierre-R\u00e9gis Dupuy), <a rel=\"noreferrer noopener\" href=\"https:\/\/www.saint-etienne.fr\/culture\/ville-d039art-d039histoire\" target=\"_blank\">Saint-\u00c9tienne Ville d\u2019art et d\u2019histoire<\/a> (et son animateur Gregory Charbonnier), <a rel=\"noreferrer noopener\" href=\"https:\/\/www.epures.com\/\" target=\"_blank\">EPURES<\/a> (et son directeur Beno\u00eet Gay), la direction de l\u2019assainissement et des rivi\u00e8res de <a rel=\"noreferrer noopener\" href=\"https:\/\/www.saint-etienne-metropole.fr\/\" target=\"_blank\">Saint-\u00c9tienne m\u00e9tropole<\/a> (repr\u00e9sent\u00e9 par Fran\u00e7ois Delorme), le <a rel=\"noreferrer noopener\" href=\"https:\/\/mai.saint-etienne.fr\/\" target=\"_blank\">Mus\u00e9e d\u2019art et d\u2019industrie<\/a> (et sa directrice Marie-Caroline Janand, avec Eric Perrin et Sylvain Bois), et le Studio Exp\u00e9riences sensibles et recherche urbaine du <a rel=\"noreferrer noopener\" href=\"https:\/\/imu.universite-lyon.fr\/studios\/experiences-sensibles\/\" target=\"_blank\">Labex IMU<\/a>.<\/p>\n\n\n\n<p>Une description d\u00e9taill\u00e9e du projet est consultable sur le <a href=\"https:\/\/arts.univ-st-etienne.fr\/fr\/recherche\/projets-de-recherche\/il-coule-il-coule-le-furan.html\" target=\"_blank\" rel=\"noreferrer noopener\">site de l&rsquo;Institut ARTS<\/a> (Arts\/Recherche\/Territoires\/Savoirs).<\/p>\n\n\n\n<p><\/p>\n\n\n\n<figure class=\"wp-block-image size-full\"><a href=\"https:\/\/www.pierresuchet.com\/Photo\/wp-content\/uploads\/2023\/02\/Projet-Arts-Mosaique-Accueil.jpg\"><img loading=\"lazy\" decoding=\"async\" width=\"893\" height=\"706\" src=\"https:\/\/www.pierresuchet.com\/Photo\/wp-content\/uploads\/2023\/02\/Projet-Arts-Mosaique-Accueil.jpg\" alt=\"\" class=\"wp-image-2994\" srcset=\"https:\/\/www.pierresuchet.com\/Photo\/wp-content\/uploads\/2023\/02\/Projet-Arts-Mosaique-Accueil.jpg 893w, https:\/\/www.pierresuchet.com\/Photo\/wp-content\/uploads\/2023\/02\/Projet-Arts-Mosaique-Accueil-300x237.jpg 300w, https:\/\/www.pierresuchet.com\/Photo\/wp-content\/uploads\/2023\/02\/Projet-Arts-Mosaique-Accueil-768x607.jpg 768w, https:\/\/www.pierresuchet.com\/Photo\/wp-content\/uploads\/2023\/02\/Projet-Arts-Mosaique-Accueil-280x221.jpg 280w\" sizes=\"auto, (max-width: 893px) 100vw, 893px\" \/><\/a><\/figure>\n\n\n\n<p>En parall\u00e8le des s\u00e9minaires de travail avec l&rsquo;\u00e9quipe et de mon travail photographique, je participerai \u00e0 plusieurs \u00e9v\u00e8nements publics :<\/p>\n\n\n\n<p>. Un &lsquo;<strong>carnet de recherche<\/strong>&lsquo; le 2 mars 2023 \u00e0 19h \u00e0 la <strong>Maison du Patrimoine et des Lettres<\/strong>, 5 place Boivin \u00e0 Saint-\u00c9tienne. Gratuit, sans r\u00e9servation<\/p>\n\n\n\n<p class=\"has-text-align-center\"><em>Avec Dani\u00e8le M\u00e9aux, nous rendrons compte des premi\u00e8res \u00e9tapes du projet<\/em><\/p>\n\n\n\n<p>. Une <strong>rencontre<\/strong> le 15 mars 2023 \u00e0 18h dans l&rsquo;Auditorium de l&rsquo;<strong>ENSASE<\/strong>, 1 rue Buisson \u00e0 Saint-\u00c9tienne.<\/p>\n\n\n\n<p class=\"has-text-align-center\"><em>Cette rencontre sera mod\u00e9r\u00e9e par Dani\u00e8le M\u00e9aux (UJM\/Eclla) et <\/em><br><em>Georges-Henry Laffont (ENSASE\/EVS).<\/em><\/p>\n\n\n\n<p>. Une &lsquo;<strong>\u00e9chapp\u00e9e photographique<\/strong>&lsquo; au bord du Furan les samedis 25 mars et 8 avril 2023 \u00e0 Andr\u00e9zieux-Bouth\u00e9on<\/p>\n\n\n\n<p class=\"has-text-align-center\"><em>Durant ces deux journ\u00e9es \u00e0 proximit\u00e9 du Furan, <\/em><br><em>Emilie Sauveur (architecte-paysagiste) et moi <\/em><br><em>accompagnerons les participants <\/em><br><em>sur un travail de repr\u00e9sentation des interactions entre la ville et l&rsquo;eau. <\/em><br><em>Plus d&rsquo;informations <a rel=\"noreferrer noopener\" href=\"https:\/\/www.calameo.com\/read\/0005441135798759a53e0?page=12\" target=\"_blank\">sur ce lien<\/a>. <\/em><br><em>Inscription \u00e0 la Maison du Patrimoine et des Lettres <\/em><br><em><a rel=\"noreferrer noopener\" href=\"https:\/\/www.saint-etienne-hors-cadre.fr\/fete-et-manifestation\/echappee-photographique-arpenter-la-riviere-urbaine-saint-etienne\/\" target=\"_blank\">sur ce lien<\/a> <\/em><\/p>\n","protected":false},"excerpt":{"rendered":"<p>Je suis vraiment heureux, honor\u00e9 (et un peu intimid\u00e9) de faire partie d&rsquo;une belle \u00e9quipe pluri-disciplinaire pour mener un passionnant projet sur le Furan.<\/p>\n","protected":false},"author":1,"featured_media":2993,"comment_status":"open","ping_status":"open","sticky":false,"template":"","format":"standard","meta":{"_monsterinsights_skip_tracking":false,"_monsterinsights_sitenote_active":false,"_monsterinsights_sitenote_note":"","_monsterinsights_sitenote_category":0,"ngg_post_thumbnail":0,"footnotes":""},"categories":[196,16],"tags":[200,198,197,201,199],"class_list":["post-2992","post","type-post","status-publish","format-standard","has-post-thumbnail","hentry","category-196","category-blog","tag-furan","tag-interdisciplinaire","tag-projet","tag-saint-etienne","tag-shs"],"_links":{"self":[{"href":"https:\/\/www.pierresuchet.com\/index.php?rest_route=\/wp\/v2\/posts\/2992","targetHints":{"allow":["GET"]}}],"collection":[{"href":"https:\/\/www.pierresuchet.com\/index.php?rest_route=\/wp\/v2\/posts"}],"about":[{"href":"https:\/\/www.pierresuchet.com\/index.php?rest_route=\/wp\/v2\/types\/post"}],"author":[{"embeddable":true,"href":"https:\/\/www.pierresuchet.com\/index.php?rest_route=\/wp\/v2\/users\/1"}],"replies":[{"embeddable":true,"href":"https:\/\/www.pierresuchet.com\/index.php?rest_route=%2Fwp%2Fv2%2Fcomments&post=2992"}],"version-history":[{"count":4,"href":"https:\/\/www.pierresuchet.com\/index.php?rest_route=\/wp\/v2\/posts\/2992\/revisions"}],"predecessor-version":[{"id":3000,"href":"https:\/\/www.pierresuchet.com\/index.php?rest_route=\/wp\/v2\/posts\/2992\/revisions\/3000"}],"wp:featuredmedia":[{"embeddable":true,"href":"https:\/\/www.pierresuchet.com\/index.php?rest_route=\/wp\/v2\/media\/2993"}],"wp:attachment":[{"href":"https:\/\/www.pierresuchet.com\/index.php?rest_route=%2Fwp%2Fv2%2Fmedia&parent=2992"}],"wp:term":[{"taxonomy":"category","embeddable":true,"href":"https:\/\/www.pierresuchet.com\/index.php?rest_route=%2Fwp%2Fv2%2Fcategories&post=2992"},{"taxonomy":"post_tag","embeddable":true,"href":"https:\/\/www.pierresuchet.com\/index.php?rest_route=%2Fwp%2Fv2%2Ftags&post=2992"}],"curies":[{"name":"wp","href":"https:\/\/api.w.org\/{rel}","templated":true}]}}