{"id":3002,"date":"2023-03-13T13:39:44","date_gmt":"2023-03-13T12:39:44","guid":{"rendered":"https:\/\/www.pierresuchet.com\/?p=3002"},"modified":"2023-03-17T13:44:36","modified_gmt":"2023-03-17T12:44:36","slug":"projet-furan-conference-a-lecole-darchitecture-de-st-etienne","status":"publish","type":"post","link":"https:\/\/www.pierresuchet.com\/?p=3002","title":{"rendered":"Projet Furan &#8211; Conf\u00e9rence \u00e0 l&rsquo;\u00e9cole d&rsquo;architecture de St Etienne"},"content":{"rendered":"\n\n\n<figure class=\"wp-block-image size-large\"><a href=\"https:\/\/www.pierresuchet.com\/Photo\/wp-content\/uploads\/2023\/03\/Furan-ENSASE.jpg\"><img loading=\"lazy\" decoding=\"async\" width=\"724\" height=\"1024\" src=\"https:\/\/www.pierresuchet.com\/Photo\/wp-content\/uploads\/2023\/03\/Furan-ENSASE-724x1024.jpg\" alt=\"\" class=\"wp-image-3003\" srcset=\"https:\/\/www.pierresuchet.com\/Photo\/wp-content\/uploads\/2023\/03\/Furan-ENSASE-724x1024.jpg 724w, https:\/\/www.pierresuchet.com\/Photo\/wp-content\/uploads\/2023\/03\/Furan-ENSASE-212x300.jpg 212w, https:\/\/www.pierresuchet.com\/Photo\/wp-content\/uploads\/2023\/03\/Furan-ENSASE-768x1086.jpg 768w, https:\/\/www.pierresuchet.com\/Photo\/wp-content\/uploads\/2023\/03\/Furan-ENSASE-280x396.jpg 280w, https:\/\/www.pierresuchet.com\/Photo\/wp-content\/uploads\/2023\/03\/Furan-ENSASE.jpg 842w\" sizes=\"auto, (max-width: 724px) 100vw, 724px\" \/><\/a><\/figure>\n\n\n\n<p>Rencontre dans le cadre du projet \u00ab\u00a0Il coule, il coule le Furan&#8230;\u00a0\u00bb, anim\u00e9e par Dani\u00e8le M\u00e9aux (<span class=\"xv78j7m\" spellcheck=\"false\">Universit\u00e9 Jean Monnet Saint-\u00c9tienne)<\/span> et Georges-Henry Laffont (ENSASE \/ Laboratoire EVS) <br \/>le 15\/03\/23 \u00e0 18h \u00e0 l&rsquo;ENSASE (Ecole d&rsquo;architecture 1, rue Buisson \u00e0 St Etienne)<br \/><br \/>Ouvert \u00e0 toutes et \u00e0 tous.<br \/><br \/>Plus d&rsquo;infos : <a class=\"x1fey0fg xmper1u x1edh9d7\" href=\"https:\/\/arts.univ-st-etienne.fr\/fr\/tout-l-agenda\/actualites-2022-2023\/actualites-2022-2023\/rencontre-avec-pierre-suchet.html\">https:\/\/arts.univ-st-etienne.fr\/fr\/tout-l-agenda\/actualites-2022-2023\/actualites-2022-2023\/rencontre-avec-pierre-suchet.html<\/a><\/p>\n","protected":false},"excerpt":{"rendered":"<p>Rencontre dans le cadre du projet \u00ab\u00a0Il coule, il coule le Furan&#8230;\u00a0\u00bb, anim\u00e9e par Dani\u00e8le M\u00e9aux (Universit\u00e9 Jean Monnet Saint-\u00c9tienne) et Georges-Henry Laffont (ENSASE \/ Laboratoire EVS)<br \/>\nle 15\/03\/23 \u00e0 18h \u00e0 l&rsquo;ENSASE (Ecole d&rsquo;architecture 1, rue Buisson \u00e0 St Etienne)<\/p>\n","protected":false},"author":1,"featured_media":3003,"comment_status":"open","ping_status":"open","sticky":false,"template":"","format":"standard","meta":{"_monsterinsights_skip_tracking":false,"_monsterinsights_sitenote_active":false,"_monsterinsights_sitenote_note":"","_monsterinsights_sitenote_category":0,"ngg_post_thumbnail":0,"footnotes":""},"categories":[196],"tags":[],"class_list":["post-3002","post","type-post","status-publish","format-standard","has-post-thumbnail","hentry","category-196"],"_links":{"self":[{"href":"https:\/\/www.pierresuchet.com\/index.php?rest_route=\/wp\/v2\/posts\/3002","targetHints":{"allow":["GET"]}}],"collection":[{"href":"https:\/\/www.pierresuchet.com\/index.php?rest_route=\/wp\/v2\/posts"}],"about":[{"href":"https:\/\/www.pierresuchet.com\/index.php?rest_route=\/wp\/v2\/types\/post"}],"author":[{"embeddable":true,"href":"https:\/\/www.pierresuchet.com\/index.php?rest_route=\/wp\/v2\/users\/1"}],"replies":[{"embeddable":true,"href":"https:\/\/www.pierresuchet.com\/index.php?rest_route=%2Fwp%2Fv2%2Fcomments&post=3002"}],"version-history":[{"count":1,"href":"https:\/\/www.pierresuchet.com\/index.php?rest_route=\/wp\/v2\/posts\/3002\/revisions"}],"predecessor-version":[{"id":3004,"href":"https:\/\/www.pierresuchet.com\/index.php?rest_route=\/wp\/v2\/posts\/3002\/revisions\/3004"}],"wp:featuredmedia":[{"embeddable":true,"href":"https:\/\/www.pierresuchet.com\/index.php?rest_route=\/wp\/v2\/media\/3003"}],"wp:attachment":[{"href":"https:\/\/www.pierresuchet.com\/index.php?rest_route=%2Fwp%2Fv2%2Fmedia&parent=3002"}],"wp:term":[{"taxonomy":"category","embeddable":true,"href":"https:\/\/www.pierresuchet.com\/index.php?rest_route=%2Fwp%2Fv2%2Fcategories&post=3002"},{"taxonomy":"post_tag","embeddable":true,"href":"https:\/\/www.pierresuchet.com\/index.php?rest_route=%2Fwp%2Fv2%2Ftags&post=3002"}],"curies":[{"name":"wp","href":"https:\/\/api.w.org\/{rel}","templated":true}]}}