{"id":3051,"date":"2023-05-06T10:49:57","date_gmt":"2023-05-06T08:49:57","guid":{"rendered":"https:\/\/www.pierresuchet.com\/?p=3051"},"modified":"2023-05-06T10:52:41","modified_gmt":"2023-05-06T08:52:41","slug":"lappel-de-la-riviere","status":"publish","type":"post","link":"https:\/\/www.pierresuchet.com\/?p=3051","title":{"rendered":"L&rsquo;appel de la rivi\u00e8re"},"content":{"rendered":"\n<p>Le samedi 3 juin 2023, le <strong>SAGYRC<\/strong> (Syndicat de Gestion des rivi\u00e8res Yzeron, Ratier et Charbonni\u00e8res) organise un grand \u00e9v\u00e8nement pour f\u00eater les 10 ans d&rsquo;un vaste chantier de restauration \u00e9cologique et de protection contre les inondations.<\/p>\n\n\n\n<figure class=\"wp-block-image size-full\"><a href=\"https:\/\/www.pierresuchet.com\/Photo\/wp-content\/uploads\/2023\/05\/RS-encart-187X135.jpg\"><img loading=\"lazy\" decoding=\"async\" width=\"779\" height=\"563\" src=\"https:\/\/www.pierresuchet.com\/Photo\/wp-content\/uploads\/2023\/05\/RS-encart-187X135.jpg\" alt=\"\" class=\"wp-image-3052\" srcset=\"https:\/\/www.pierresuchet.com\/Photo\/wp-content\/uploads\/2023\/05\/RS-encart-187X135.jpg 779w, https:\/\/www.pierresuchet.com\/Photo\/wp-content\/uploads\/2023\/05\/RS-encart-187X135-300x217.jpg 300w, https:\/\/www.pierresuchet.com\/Photo\/wp-content\/uploads\/2023\/05\/RS-encart-187X135-768x555.jpg 768w, https:\/\/www.pierresuchet.com\/Photo\/wp-content\/uploads\/2023\/05\/RS-encart-187X135-280x202.jpg 280w\" sizes=\"auto, (max-width: 779px) 100vw, 779px\" \/><\/a><\/figure>\n\n\n\n<p style=\"text-align: left;\">A cette occasion, j&rsquo;expose, sur les berges de l&rsquo;Yzeron \u00e0 Sainte Foy les Lyon, une s\u00e9rie de photos de la rivi\u00e8re, fruit d&rsquo;une collaboration avec Marylise <strong>Cottet<\/strong>, chercheuse au CNRS en g\u00e9ographie sociale (Voir mon <strong><a href=\"https:\/\/www.pierresuchet.com\/?p=2776\" target=\"_blank\" rel=\"noopener\">pr\u00e9c\u00e9dent billet<\/a><\/strong> sur le sujet).<\/p>\n\n\n\n<figure class=\"wp-block-image size-large\"><a href=\"https:\/\/www.pierresuchet.com\/Photo\/wp-content\/uploads\/2023\/05\/Billet-Chabe-Carte.jpg\"><img loading=\"lazy\" decoding=\"async\" width=\"662\" height=\"1024\" src=\"https:\/\/www.pierresuchet.com\/Photo\/wp-content\/uploads\/2023\/05\/Billet-Chabe-Carte-662x1024.jpg\" alt=\"\" class=\"wp-image-3056\" srcset=\"https:\/\/www.pierresuchet.com\/Photo\/wp-content\/uploads\/2023\/05\/Billet-Chabe-Carte-662x1024.jpg 662w, https:\/\/www.pierresuchet.com\/Photo\/wp-content\/uploads\/2023\/05\/Billet-Chabe-Carte-194x300.jpg 194w, https:\/\/www.pierresuchet.com\/Photo\/wp-content\/uploads\/2023\/05\/Billet-Chabe-Carte-280x433.jpg 280w, https:\/\/www.pierresuchet.com\/Photo\/wp-content\/uploads\/2023\/05\/Billet-Chabe-Carte.jpg 747w\" sizes=\"auto, (max-width: 662px) 100vw, 662px\" \/><\/a><\/figure>\n\n\n\n<p>\u00a0<\/p>\n<p>Deux autres expositions auront lieu simultan\u00e9ment :<\/p>\n<ul>\n<li>\u00ab M\u00e9tiers et mouvements d\u2019eau \u00bb de Rodolphe <strong>De Santis<\/strong> et Clara <strong>Battaglia<\/strong><\/li>\n<li>\u00ab Le peuple de l\u2019Yzeron \u00bb de Jean Baptiste <strong>Charrat<\/strong>.<\/li>\n<\/ul>\n<p>En parall\u00e8le de ces expositions, plusieurs conf\u00e9rences sont organis\u00e9es \u00e0 la Maison de l&rsquo;Aqueduc. J&rsquo;animerai \u00e0 17h, en compagnie de <strong>Julie Noirot<\/strong>, ma\u00eetresse de conf\u00e9rences en \u00e9tudes photographiques \u00e0 l\u2019Universit\u00e9 Lumi\u00e8re Lyon, une conf\u00e9rence sur le th\u00e8me &lsquo;<strong>Photographier la rivi\u00e8re urbaine<\/strong>&lsquo;.<\/p>\n<p>\u00a0<\/p>\n<p>Le programme d\u00e9taill\u00e9 de la journ\u00e9e est disponible en ligne <a href=\"https:\/\/www.riviere-yzeron.fr\/lappel-de-la-riviere\/\" target=\"_blank\" rel=\"noopener\">sur ce lien<\/a>.<\/p>\n","protected":false},"excerpt":{"rendered":"<p>Le samedi 3 juin 2023, le SAGYRC (Syndicat de Gestion des rivi\u00e8res Yzeron, Ratier et Charbonni\u00e8res) organise un grand \u00e9v\u00e8nement pour f\u00eater les 10 ans d&rsquo;un vaste chantier de restauration \u00e9cologique et de protection contre les inondations.<\/p>\n","protected":false},"author":1,"featured_media":3052,"comment_status":"open","ping_status":"open","sticky":false,"template":"","format":"standard","meta":{"_monsterinsights_skip_tracking":false,"_monsterinsights_sitenote_active":false,"_monsterinsights_sitenote_note":"","_monsterinsights_sitenote_category":0,"ngg_post_thumbnail":0,"footnotes":""},"categories":[196,16],"tags":[58,23,203,204],"class_list":["post-3051","post","type-post","status-publish","format-standard","has-post-thumbnail","hentry","category-196","category-blog","tag-conference","tag-exposition","tag-sagyrc","tag-yzeron"],"_links":{"self":[{"href":"https:\/\/www.pierresuchet.com\/index.php?rest_route=\/wp\/v2\/posts\/3051","targetHints":{"allow":["GET"]}}],"collection":[{"href":"https:\/\/www.pierresuchet.com\/index.php?rest_route=\/wp\/v2\/posts"}],"about":[{"href":"https:\/\/www.pierresuchet.com\/index.php?rest_route=\/wp\/v2\/types\/post"}],"author":[{"embeddable":true,"href":"https:\/\/www.pierresuchet.com\/index.php?rest_route=\/wp\/v2\/users\/1"}],"replies":[{"embeddable":true,"href":"https:\/\/www.pierresuchet.com\/index.php?rest_route=%2Fwp%2Fv2%2Fcomments&post=3051"}],"version-history":[{"count":5,"href":"https:\/\/www.pierresuchet.com\/index.php?rest_route=\/wp\/v2\/posts\/3051\/revisions"}],"predecessor-version":[{"id":3058,"href":"https:\/\/www.pierresuchet.com\/index.php?rest_route=\/wp\/v2\/posts\/3051\/revisions\/3058"}],"wp:featuredmedia":[{"embeddable":true,"href":"https:\/\/www.pierresuchet.com\/index.php?rest_route=\/wp\/v2\/media\/3052"}],"wp:attachment":[{"href":"https:\/\/www.pierresuchet.com\/index.php?rest_route=%2Fwp%2Fv2%2Fmedia&parent=3051"}],"wp:term":[{"taxonomy":"category","embeddable":true,"href":"https:\/\/www.pierresuchet.com\/index.php?rest_route=%2Fwp%2Fv2%2Fcategories&post=3051"},{"taxonomy":"post_tag","embeddable":true,"href":"https:\/\/www.pierresuchet.com\/index.php?rest_route=%2Fwp%2Fv2%2Ftags&post=3051"}],"curies":[{"name":"wp","href":"https:\/\/api.w.org\/{rel}","templated":true}]}}