{"id":3218,"date":"2024-10-17T14:50:09","date_gmt":"2024-10-17T12:50:09","guid":{"rendered":"https:\/\/www.pierresuchet.com\/?p=3218"},"modified":"2024-10-17T14:50:21","modified_gmt":"2024-10-17T12:50:21","slug":"sortie-du-livre-sur-les-traces-du-furan","status":"publish","type":"post","link":"https:\/\/www.pierresuchet.com\/?p=3218","title":{"rendered":"Furan : le livre chez Filigranes !"},"content":{"rendered":"\n<p>Il est l\u00e0 ! Joie immense. <\/p>\n\n\n\n<p>Apr\u00e8s deux ann\u00e9es d&rsquo;une enqu\u00eate pluridisciplinaire dirig\u00e9e par Dani\u00e8le M\u00e9aux, notre livre <br><strong>&lsquo;Sur les traces du Furan &#8211; Une enqu\u00eate photographique&rsquo;<\/strong> <br>est publi\u00e9 aux Editions Filigranes.<\/p>\n\n\n\n<p style=\"font-style:normal;font-weight:600\"><img loading=\"lazy\" decoding=\"async\" width=\"420\" height=\"360\" class=\"wp-image-3243\" style=\"width: 420px;\" src=\"https:\/\/www.pierresuchet.com\/Photo\/wp-content\/uploads\/2024\/06\/Couverture-1.jpg\" alt=\"Sur les traces du Furan - Une enqu\u00eate photographique\" srcset=\"https:\/\/www.pierresuchet.com\/Photo\/wp-content\/uploads\/2024\/06\/Couverture-1.jpg 490w, https:\/\/www.pierresuchet.com\/Photo\/wp-content\/uploads\/2024\/06\/Couverture-1-300x257.jpg 300w, https:\/\/www.pierresuchet.com\/Photo\/wp-content\/uploads\/2024\/06\/Couverture-1-280x240.jpg 280w\" sizes=\"auto, (max-width: 420px) 100vw, 420px\" \/><\/p>\n\n\n\n<p><strong>Le propos :<\/strong><\/p>\n\n\n\n<p>Le Furan demeure quasiment invisible au sein de la ville de Saint-\u00c9tienne.<br>Le photographe Pierre Suchet a arpent\u00e9 ses rives, de sa source (au Bessat) jusqu\u2019\u00e0 sa confluence avec la Loire (\u00e0 Andr\u00e9zieux-Bouth\u00e9on).<br>Au minutieux travail de prises de vues sont conjugu\u00e9es les r\u00e9flexions de g\u00e9ographes, d\u2019historiens\u2026 ou de sp\u00e9cialistes des images, afin d\u2019examiner les rapports qui se sont \u00e9tablis, au fil du temps, entre les hommes et la rivi\u00e8re. Les photographies contemporaines rencontrent \u00e9galement, dans cet ouvrage, toute une vari\u00e9t\u00e9 de repr\u00e9sentations plus anciennes.<br>Cette approche dialogique a \u00e9t\u00e9 consciemment choisie afin d\u2019essayer de restituer la complexit\u00e9 des usages des habitants du bassin-versant et de leurs affects \u00e0 l\u2019\u00e9gard du cours d\u2019eau. Elle est aussi d\u00e9termin\u00e9e par le d\u00e9sir de pousser le lecteur \u00e0 s\u2019investir lui-m\u00eame dans une forme d\u2019investigation.<\/p>\n\n\n\n<p><strong>Avec les contributions de :<\/strong><\/p>\n\n\n\n<p>Jean-Luc Bayard, Anne-C\u00e9line Callens, Michel Depeyre, Pierre-R\u00e9gis Dupuy, Georges Gay, Georges-Henry LAFFONT, Pierre-Olivier Mazagol, \u00c9ric Perrin, Jonathan Tichit.<\/p>\n\n\n\n<p><strong>et le soutien de :<\/strong><\/p>\n\n\n\n<p>Ecole nationale sup\u00e9rieure d&rsquo;architecture de Saint-Etienne ENSASE<br>Universit\u00e9 Jean Monnet Saint-\u00c9tienne<br>UMR 5600 EVS &#8211; Environnement Ville Soci\u00e9t\u00e9<br>Archives m\u00e9tropolitaines de Saint-\u00c9tienne<br>Institut ARTS<br>LabEx IMU &#8211; Intelligences des Mondes Urbains<br>Groupe Caisse des D\u00e9p\u00f4ts<br>Direction R\u00e9gionale des Affaires Culturelles Auvergne-Rh\u00f4ne-Alpes.<\/p>\n\n\n\n<p>Pour accompagner la sortie du livre, plusieurs rencontres sont planifi\u00e9es :<\/p>\n\n\n\n<p><strong>A Saint-\u00c9tienne :<\/strong><\/p>\n\n\n\n<p>. Dimanche 13 octobre, 10h-18h F\u00eate du livre de Saint-\u00c9tienne, stand de la librairie Lune &amp; l\u2019autre<br>. Jeudi 17 octobre \u00e0 19h : Maison du Patrimoine et des Lettres<br>. Jeudi 14 novembre \u00e0 16h30 : colloque \u00ab Le photographe &amp; l\u2019eau \u00bb, ENSASE<br>. Mercredi 4 d\u00e9cembre \u00e0 18h : librairie de Paris.<br><\/p>\n\n\n\n<p><strong>A Paris :<\/strong><\/p>\n\n\n\n<p>Samedi 9 novembre de 15h30 \u00e0 16h : Paris Photo (au Grand Palais sur le stand de l&rsquo;\u00e9diteur Filigranes)<br><\/p>\n\n\n\n<p><strong>A Lyon<\/strong> :<\/p>\n\n\n\n<p>. Jeudi 9 janvier 2025 \u00e0 18h &#8211; Le Bleu du Ciel (au d\u00e9but de mon exposition, visible jusqu&rsquo;au 25 janvier)<br>. Jeudi 16 janvier \u00e0 19h &#8211; Archipel CDCU &#8211; Maison de l&rsquo;architecture<br>. Jeudi 20 f\u00e9vrier \u00e0 19h &#8211; Librairie Ouvrir l&rsquo;Oeil<\/p>\n\n\n\n<p>Au plaisir de vous retrouver \u00e0 l&rsquo;une ou l&rsquo;autre de ces occasions.<\/p>\n\n\n\n<p>En attendant, vous pouvez commander le livre en ligne d\u00e8s maintenant sur le site de l&rsquo;\u00e9diteur : https:\/\/www.filigranes.com\/livre\/sur-les-traces-du-furan\/<\/p>\n\n\n\n<p>Le livre sera disponible en librairie \u00e0 partir du 5 novembre :&nbsp;<a href=\"https:\/\/www.chez-mon-libraire.fr\/livre\/9782350466286-sur-les-traces-du-furan-pierre-suchet-daniele-meaux\">https:\/\/www.chez-mon-libraire.fr\/livre\/9782350466286-sur-les-traces-du-furan-pierre-suchet-daniele-meaux<\/a><\/p>\n\n\n\n<p><\/p>\n\n\n\n<p><\/p>\n\n\n\n<p><\/p>\n","protected":false},"excerpt":{"rendered":"<p>Apr\u00e8s deux ann\u00e9es d&rsquo;une enqu\u00eate pluridisciplinaire dirig\u00e9e par Dani\u00e8le M\u00e9aux, notre livre &lsquo;Sur les traces du Furan &#8211; Une enqu\u00eate photographique&rsquo; est publi\u00e9 aux Editions Filigranes.<\/p>\n","protected":false},"author":1,"featured_media":3243,"comment_status":"open","ping_status":"open","sticky":false,"template":"","format":"standard","meta":{"_monsterinsights_skip_tracking":false,"_monsterinsights_sitenote_active":false,"_monsterinsights_sitenote_note":"","_monsterinsights_sitenote_category":0,"ngg_post_thumbnail":0,"footnotes":""},"categories":[221],"tags":[220,219,218,200,217],"class_list":["post-3218","post","type-post","status-publish","format-standard","has-post-thumbnail","hentry","category-221","tag-art-et-sciences","tag-enquete","tag-filigranes","tag-furan","tag-livre"],"_links":{"self":[{"href":"https:\/\/www.pierresuchet.com\/index.php?rest_route=\/wp\/v2\/posts\/3218","targetHints":{"allow":["GET"]}}],"collection":[{"href":"https:\/\/www.pierresuchet.com\/index.php?rest_route=\/wp\/v2\/posts"}],"about":[{"href":"https:\/\/www.pierresuchet.com\/index.php?rest_route=\/wp\/v2\/types\/post"}],"author":[{"embeddable":true,"href":"https:\/\/www.pierresuchet.com\/index.php?rest_route=\/wp\/v2\/users\/1"}],"replies":[{"embeddable":true,"href":"https:\/\/www.pierresuchet.com\/index.php?rest_route=%2Fwp%2Fv2%2Fcomments&post=3218"}],"version-history":[{"count":10,"href":"https:\/\/www.pierresuchet.com\/index.php?rest_route=\/wp\/v2\/posts\/3218\/revisions"}],"predecessor-version":[{"id":3297,"href":"https:\/\/www.pierresuchet.com\/index.php?rest_route=\/wp\/v2\/posts\/3218\/revisions\/3297"}],"wp:featuredmedia":[{"embeddable":true,"href":"https:\/\/www.pierresuchet.com\/index.php?rest_route=\/wp\/v2\/media\/3243"}],"wp:attachment":[{"href":"https:\/\/www.pierresuchet.com\/index.php?rest_route=%2Fwp%2Fv2%2Fmedia&parent=3218"}],"wp:term":[{"taxonomy":"category","embeddable":true,"href":"https:\/\/www.pierresuchet.com\/index.php?rest_route=%2Fwp%2Fv2%2Fcategories&post=3218"},{"taxonomy":"post_tag","embeddable":true,"href":"https:\/\/www.pierresuchet.com\/index.php?rest_route=%2Fwp%2Fv2%2Ftags&post=3218"}],"curies":[{"name":"wp","href":"https:\/\/api.w.org\/{rel}","templated":true}]}}