{"id":3306,"date":"2024-11-12T20:05:25","date_gmt":"2024-11-12T19:05:25","guid":{"rendered":"https:\/\/www.pierresuchet.com\/?p=3306"},"modified":"2024-11-12T20:06:25","modified_gmt":"2024-11-12T19:06:25","slug":"exposition-a-lensase","status":"publish","type":"post","link":"https:\/\/www.pierresuchet.com\/?p=3306","title":{"rendered":"Exposition \u00e0 l&rsquo;ENSASE"},"content":{"rendered":"\n<p><img loading=\"lazy\" decoding=\"async\" class=\"aligncenter size-full wp-image-3307\" src=\"https:\/\/www.pierresuchet.com\/Photo\/wp-content\/uploads\/2024\/11\/ENSASE-A2-poster-expo-Furan-mail.jpg\" alt=\"Exposition Furan ENSASE\" width=\"1000\" height=\"714\" srcset=\"https:\/\/www.pierresuchet.com\/Photo\/wp-content\/uploads\/2024\/11\/ENSASE-A2-poster-expo-Furan-mail.jpg 1000w, https:\/\/www.pierresuchet.com\/Photo\/wp-content\/uploads\/2024\/11\/ENSASE-A2-poster-expo-Furan-mail-300x214.jpg 300w, https:\/\/www.pierresuchet.com\/Photo\/wp-content\/uploads\/2024\/11\/ENSASE-A2-poster-expo-Furan-mail-768x548.jpg 768w, https:\/\/www.pierresuchet.com\/Photo\/wp-content\/uploads\/2024\/11\/ENSASE-A2-poster-expo-Furan-mail-950x678.jpg 950w, https:\/\/www.pierresuchet.com\/Photo\/wp-content\/uploads\/2024\/11\/ENSASE-A2-poster-expo-Furan-mail-280x200.jpg 280w\" sizes=\"auto, (max-width: 1000px) 100vw, 1000px\" \/><\/p>\n\n\n\n<p>J&rsquo;ai le plaisir de vous convier \u00e0 la visite comment\u00e9e et au vernissage de l&rsquo;exposition :<\/p>\n\n\n\n<p><strong>D\u00e9couvrir le Furan &#8211; H\u00e9ritages d\u2019une rivi\u00e8re industrialis\u00e9e<\/strong><\/p>\n\n\n\n<p>du 14 novembre au 15 d\u00e9cembre 2024<\/p>\n\n\n\n<p>salle d\u2019exposition de l\u2019ENSASE<br>1, rue Buisson \u00e0 Saint Etienne<\/p>\n\n\n\n<p>Visite comment\u00e9e par les commissaires jeudi 14 novembre \u00e0 17h<br>Vernissage \u00e0 partir de 18h30<\/p>\n\n\n\n<p>Cette exposition met en perspective les photographies contemporaines de Pierre Suchet et de Jonathan Tichit avec des documents d\u2019archives in\u00e9dits r\u00e9v\u00e9lant les diff\u00e9rents aspects du Furan.<br>En remontant \u00e0 la fois le fil de l\u2019eau et le cours du temps, l\u2019exposition tente de donner \u00e0 voir et \u00e0 lire la complexit\u00e9 des enjeux soulev\u00e9s par une rivi\u00e8re en partie couverte mais qui, loin d\u2019\u00eatre pour autant refoul\u00e9e, entre de plein droit dans le paysage r\u00e9el et symbolique st\u00e9phanois.<\/p>\n\n\n\n<p>Commissaires de l\u2019exposition : <br>Oscar Barnay, architecte, enseignant ENSASE et <br>Jonathan Tichit, doctorant (ECLLA \u2013 UJM), ATER Aix-Marseille Universit\u00e9.<\/p>\n\n\n\n<p>Photos et archives : Pierre Suchet, Mus\u00e9e d\u2019art et d\u2019industrie de Saint-Etienne, Archives municipales de Saint-Etienne<\/p>\n\n\n\n<p>En partenariat avec l\u2019Universit\u00e9 Jean Monnet, le laboratoire ECCLA et avec le soutien de l\u2019Institut Arts.<\/p>\n\n\n\n<p>Lien vers le site de l&rsquo;ENSASE : <a href=\"https:\/\/www.st-etienne.archi.fr\/2024\/10\/28\/exposition-decouvrir-le-furan\/?fbclid=IwZXh0bgNhZW0CMTAAAR28E2YmxuisGy81qOFuEootosRkivmh_nGi13wBXRo2EF4kt53jAd1CgeA_aem_mIlqbBDOY73eBGHmXXa6sQ\" rel=\"noreferrer noopener\" target=\"_blank\">https:\/\/www.st-etienne.archi.fr\/&#8230;\/exposition-decouvrir&#8230;\/<\/a><\/p>\n\n\n\n<p>L&rsquo;exposition est en lien avec le colloque international<\/p>\n\n\n\n<p>Le photographe et l\u2019eau&rsquo; : <a href=\"https:\/\/www.st-etienne.archi.fr\/2024\/10\/28\/colloque-international-le-photographe-et-leau\/?fbclid=IwZXh0bgNhZW0CMTAAAR284_BcKt6T8kAPBLvFzX9Cf6VfhhlF1L0QzdFESAIRqVf7HXgstgRq2QI_aem_A9aoV4FxVHb6nqORQxjyEQ\" target=\"_blank\" rel=\"noreferrer noopener\">https:\/\/www.st-etienne.archi.fr\/&#8230;\/colloque&#8230;\/<\/a><\/p>\n<p>&nbsp;<\/p>\n<p>&nbsp;<\/p>\n\n\n","protected":false},"excerpt":{"rendered":"<p>J&rsquo;ai le plaisir de vous convier \u00e0 la visite comment\u00e9e et au vernissage de l&rsquo;exposition : D\u00e9couvrir le Furan &#8211; H\u00e9ritages d\u2019une rivi\u00e8re industrialis\u00e9e du 14 novembre au 15 d\u00e9cembre 2024 salle d\u2019exposition de l\u2019ENSASE1, rue Buisson \u00e0 Saint Etienne Visite comment\u00e9e par les commissaires jeudi 14 novembre \u00e0 17hVernissage \u00e0 partir de 18h30 Cette&#8230;<\/p>\n","protected":false},"author":1,"featured_media":3307,"comment_status":"open","ping_status":"open","sticky":false,"template":"","format":"standard","meta":{"_monsterinsights_skip_tracking":false,"_monsterinsights_sitenote_active":false,"_monsterinsights_sitenote_note":"","_monsterinsights_sitenote_category":0,"ngg_post_thumbnail":0,"footnotes":""},"categories":[221,1],"tags":[],"class_list":["post-3306","post","type-post","status-publish","format-standard","has-post-thumbnail","hentry","category-221","category-non-classe"],"_links":{"self":[{"href":"https:\/\/www.pierresuchet.com\/index.php?rest_route=\/wp\/v2\/posts\/3306","targetHints":{"allow":["GET"]}}],"collection":[{"href":"https:\/\/www.pierresuchet.com\/index.php?rest_route=\/wp\/v2\/posts"}],"about":[{"href":"https:\/\/www.pierresuchet.com\/index.php?rest_route=\/wp\/v2\/types\/post"}],"author":[{"embeddable":true,"href":"https:\/\/www.pierresuchet.com\/index.php?rest_route=\/wp\/v2\/users\/1"}],"replies":[{"embeddable":true,"href":"https:\/\/www.pierresuchet.com\/index.php?rest_route=%2Fwp%2Fv2%2Fcomments&post=3306"}],"version-history":[{"count":3,"href":"https:\/\/www.pierresuchet.com\/index.php?rest_route=\/wp\/v2\/posts\/3306\/revisions"}],"predecessor-version":[{"id":3310,"href":"https:\/\/www.pierresuchet.com\/index.php?rest_route=\/wp\/v2\/posts\/3306\/revisions\/3310"}],"wp:featuredmedia":[{"embeddable":true,"href":"https:\/\/www.pierresuchet.com\/index.php?rest_route=\/wp\/v2\/media\/3307"}],"wp:attachment":[{"href":"https:\/\/www.pierresuchet.com\/index.php?rest_route=%2Fwp%2Fv2%2Fmedia&parent=3306"}],"wp:term":[{"taxonomy":"category","embeddable":true,"href":"https:\/\/www.pierresuchet.com\/index.php?rest_route=%2Fwp%2Fv2%2Fcategories&post=3306"},{"taxonomy":"post_tag","embeddable":true,"href":"https:\/\/www.pierresuchet.com\/index.php?rest_route=%2Fwp%2Fv2%2Ftags&post=3306"}],"curies":[{"name":"wp","href":"https:\/\/api.w.org\/{rel}","templated":true}]}}