{"id":3378,"date":"2025-04-06T21:50:06","date_gmt":"2025-04-06T19:50:06","guid":{"rendered":"https:\/\/www.pierresuchet.com\/?p=3378"},"modified":"2025-04-06T22:02:09","modified_gmt":"2025-04-06T20:02:09","slug":"experience-sensible-et-sciences-humaines-et-sociales-souscription","status":"publish","type":"post","link":"https:\/\/www.pierresuchet.com\/?p=3378","title":{"rendered":"Exp\u00e9rience sensible et sciences humaines et sociales : souscription"},"content":{"rendered":"\n<p><span class=\"break-words\n          tvm-parent-container\"><span dir=\"ltr\">J&rsquo;ai le plaisir d&rsquo;avoir un portfolio de 16 photos de mon travail sur le Furan pr\u00e9c\u00e9d\u00e9 d&rsquo;un texte in\u00e9dit de Dani\u00e8le M\u00e9aux : \u00ab\u00a0R\u00e9activer une relation sensible au cours d&rsquo;eau\u00a0\u00bb dans un ouvrage \u00e0 para\u00eetre aux \u00e9ditions Hermann : \u00ab\u00a0Exp\u00e9rience sensible et sciences humaines\u00a0\u00bb, dirig\u00e9 par Dani\u00e8le M\u00e9aux et Dominique Chevalier.<\/span><\/span><\/p>\n<p><img loading=\"lazy\" decoding=\"async\" class=\"wp-image-3380 size-medium aligncenter\" src=\"https:\/\/www.pierresuchet.com\/Photo\/wp-content\/uploads\/2025\/04\/Experience-sensible-et-sciences-humaines-232x300.jpg\" alt=\"\" width=\"232\" height=\"300\" srcset=\"https:\/\/www.pierresuchet.com\/Photo\/wp-content\/uploads\/2025\/04\/Experience-sensible-et-sciences-humaines-232x300.jpg 232w, https:\/\/www.pierresuchet.com\/Photo\/wp-content\/uploads\/2025\/04\/Experience-sensible-et-sciences-humaines-791x1024.jpg 791w, https:\/\/www.pierresuchet.com\/Photo\/wp-content\/uploads\/2025\/04\/Experience-sensible-et-sciences-humaines-768x995.jpg 768w, https:\/\/www.pierresuchet.com\/Photo\/wp-content\/uploads\/2025\/04\/Experience-sensible-et-sciences-humaines-1186x1536.jpg 1186w, https:\/\/www.pierresuchet.com\/Photo\/wp-content\/uploads\/2025\/04\/Experience-sensible-et-sciences-humaines-950x1230.jpg 950w, https:\/\/www.pierresuchet.com\/Photo\/wp-content\/uploads\/2025\/04\/Experience-sensible-et-sciences-humaines-280x363.jpg 280w, https:\/\/www.pierresuchet.com\/Photo\/wp-content\/uploads\/2025\/04\/Experience-sensible-et-sciences-humaines.jpg 1400w\" sizes=\"auto, (max-width: 232px) 100vw, 232px\" \/><\/p>\n<p>Le propos :<\/p>\n<div class=\"col-md-12\">\n<div class=\"book-body\">Depuis les ann\u00e9es 2000, les questionnements relatifs \u00e0 l\u2019exp\u00e9rience sensible occupent une place croissante au sein des recherches en sciences humaines et sociales. La crise environnementale conduit \u00e0 des interrogations culturelles qui contribuent au d\u00e9veloppement de cette tendance. S\u2019affirme la n\u00e9cessit\u00e9, pour les chercheurs, de ne pas r\u00e9duire la complexit\u00e9 et la teneur \u00e9motionnelle de l\u2019exp\u00e9rience v\u00e9cue sur le terrain d\u00e8s lors qu\u2019il s\u2019agit d\u2019en rendre compte. Il s\u2019agit \u00e9galement pour eux d\u2019afficher le point de vue depuis lequel l\u2019enqu\u00eate est men\u00e9e. Des truchements vari\u00e9s sont mobilis\u00e9s \u00e0 cette fin. Les collaborations se multiplient entre chercheurs et artistes, tandis que ces derniers manifestent \u00e9galement \u00e0 leur fa\u00e7on un souci de compr\u00e9hension du monde.<\/div>\n<div>&nbsp;<\/div>\n<\/div>\n<p><span class=\"break-words\n          tvm-parent-container\"><span dir=\"ltr\">L&rsquo;ouvrage contient deux autres portfolios (Julien Guinand et Arno Gisinger) et des textes pr\u00e9sent\u00e9s lors d&rsquo;un colloque ayant eu lieu en 2024 au \u00ab\u00a0Rize &#8211; m\u00e9moires, cultures, \u00e9changes\u00a0\u00bb. Vous pouvez profiter d&rsquo;une remise et des frais de ports offerts en <a href=\"https:\/\/www.pierresuchet.com\/Photo\/wp-content\/uploads\/2025\/04\/BDS-Experience-sensible.pdf\" target=\"_blank\" rel=\"noopener\">t\u00e9l\u00e9chargeant le bon de souscription<\/a> d\u00e8s maintenant.<\/span><\/span><\/p>\n","protected":false},"excerpt":{"rendered":"<p>J&rsquo;ai le plaisir d&rsquo;avoir un portfolio de 16 photos de mon travail sur le Furan pr\u00e9c\u00e9d\u00e9 d&rsquo;un texte in\u00e9dit de Dani\u00e8le M\u00e9aux : \u00ab\u00a0R\u00e9activer une relation sensible au cours d&rsquo;eau\u00a0\u00bb dans un ouvrage \u00e0 para\u00eetre aux \u00e9ditions Hermann : \u00ab\u00a0Exp\u00e9rience sensible et sciences humaines\u00a0\u00bb, dirig\u00e9 par Dani\u00e8le M\u00e9aux et Dominique Chevalier.<\/p>\n","protected":false},"author":1,"featured_media":3380,"comment_status":"open","ping_status":"open","sticky":false,"template":"","format":"standard","meta":{"_monsterinsights_skip_tracking":false,"_monsterinsights_sitenote_active":false,"_monsterinsights_sitenote_note":"","_monsterinsights_sitenote_category":0,"ngg_post_thumbnail":0,"footnotes":""},"categories":[257],"tags":[],"class_list":["post-3378","post","type-post","status-publish","format-standard","has-post-thumbnail","hentry","category-257"],"_links":{"self":[{"href":"https:\/\/www.pierresuchet.com\/index.php?rest_route=\/wp\/v2\/posts\/3378","targetHints":{"allow":["GET"]}}],"collection":[{"href":"https:\/\/www.pierresuchet.com\/index.php?rest_route=\/wp\/v2\/posts"}],"about":[{"href":"https:\/\/www.pierresuchet.com\/index.php?rest_route=\/wp\/v2\/types\/post"}],"author":[{"embeddable":true,"href":"https:\/\/www.pierresuchet.com\/index.php?rest_route=\/wp\/v2\/users\/1"}],"replies":[{"embeddable":true,"href":"https:\/\/www.pierresuchet.com\/index.php?rest_route=%2Fwp%2Fv2%2Fcomments&post=3378"}],"version-history":[{"count":4,"href":"https:\/\/www.pierresuchet.com\/index.php?rest_route=\/wp\/v2\/posts\/3378\/revisions"}],"predecessor-version":[{"id":3384,"href":"https:\/\/www.pierresuchet.com\/index.php?rest_route=\/wp\/v2\/posts\/3378\/revisions\/3384"}],"wp:featuredmedia":[{"embeddable":true,"href":"https:\/\/www.pierresuchet.com\/index.php?rest_route=\/wp\/v2\/media\/3380"}],"wp:attachment":[{"href":"https:\/\/www.pierresuchet.com\/index.php?rest_route=%2Fwp%2Fv2%2Fmedia&parent=3378"}],"wp:term":[{"taxonomy":"category","embeddable":true,"href":"https:\/\/www.pierresuchet.com\/index.php?rest_route=%2Fwp%2Fv2%2Fcategories&post=3378"},{"taxonomy":"post_tag","embeddable":true,"href":"https:\/\/www.pierresuchet.com\/index.php?rest_route=%2Fwp%2Fv2%2Ftags&post=3378"}],"curies":[{"name":"wp","href":"https:\/\/api.w.org\/{rel}","templated":true}]}}