{"id":3440,"date":"2026-01-30T11:07:36","date_gmt":"2026-01-30T10:07:36","guid":{"rendered":"https:\/\/www.pierresuchet.com\/?p=3440"},"modified":"2026-01-30T11:09:05","modified_gmt":"2026-01-30T10:09:05","slug":"exposition-aqua-rize","status":"publish","type":"post","link":"https:\/\/www.pierresuchet.com\/?p=3440","title":{"rendered":"Exposition Aqua-Rize"},"content":{"rendered":"\n<p><span class=\"break-words\n          tvm-parent-container\"><span dir=\"ltr\">C&rsquo;est une grande joie de participer \u00e0 l&rsquo;exposition Aqua-Rize, ouverte au public depuis le 15 janvier.<\/span><\/span><\/p>\n<p><img loading=\"lazy\" decoding=\"async\" class=\"wp-image-3441 size-medium alignleft\" src=\"https:\/\/www.pierresuchet.com\/Photo\/wp-content\/uploads\/2026\/01\/Aqua-Rize-Affiche-245x300.jpg\" alt=\"\" width=\"245\" height=\"300\" srcset=\"https:\/\/www.pierresuchet.com\/Photo\/wp-content\/uploads\/2026\/01\/Aqua-Rize-Affiche-245x300.jpg 245w, https:\/\/www.pierresuchet.com\/Photo\/wp-content\/uploads\/2026\/01\/Aqua-Rize-Affiche-768x942.jpg 768w, https:\/\/www.pierresuchet.com\/Photo\/wp-content\/uploads\/2026\/01\/Aqua-Rize-Affiche-280x343.jpg 280w, https:\/\/www.pierresuchet.com\/Photo\/wp-content\/uploads\/2026\/01\/Aqua-Rize-Affiche.jpg 822w\" sizes=\"auto, (max-width: 245px) 100vw, 245px\" \/><\/p>\n<p>&nbsp;<\/p>\n<p>&nbsp;<\/p>\n<p>&nbsp;<\/p>\n<p>&nbsp;<\/p>\n<p>&nbsp;<\/p>\n<p>&nbsp;<\/p>\n<p>&nbsp;<\/p>\n<p>&nbsp;<\/p>\n<p>&nbsp;<\/p>\n<p>&nbsp;<\/p>\n<p>&nbsp;<\/p>\n<p><span class=\"break-words\n          tvm-parent-container\"><span dir=\"ltr\"><a href=\"https:\/\/lerize.villeurbanne.fr\/\" target=\"_blank\" rel=\"noopener\">Le Rize<\/a> \u00e0 Villeurbanne a choisi la th\u00e9matique de l&rsquo;eau pour sa saison culturelle 2026.<br>Cette grande exposition, m\u00eale documents d&rsquo;archives (photographies, cartes anciennes, documents,&#8230;), travaux d&rsquo;artistes (Nan Goldin, Katinka Bock, Suzanne Husky, Philippe Daney, Yayoi Kusama, Mich\u00e8le Magema,&#8230;), textes d&rsquo;auteurs et autrices (Wendy Delorme,&#8230;), interviews de chercheurs travaillant sur l&rsquo;eau (Anne Honegger, Marylise Cottet, Herv\u00e9 Pi\u00e9gay, Bernard Chocat,&#8230;) et de nombreuses autres personnes.<\/span><\/span><\/p>\n<p><span class=\"break-words\n          tvm-parent-container\"><span dir=\"ltr\">J&rsquo;ai le plaisir d&rsquo;avoir une salle d\u00e9di\u00e9e \u00e0 mon travail sur le ruisseau de la Rize, r\u00e9alis\u00e9 entre 2020 et 2025.<\/span><\/span><\/p>\n<p><span class=\"break-words\n          tvm-parent-container\"><span dir=\"ltr\"><img loading=\"lazy\" decoding=\"async\" class=\"aligncenter size-large wp-image-3442\" src=\"https:\/\/www.pierresuchet.com\/Photo\/wp-content\/uploads\/2026\/01\/Zone-Pierre-suchet_Sol-1-1024x528.jpg\" alt=\"\" width=\"950\" height=\"490\" srcset=\"https:\/\/www.pierresuchet.com\/Photo\/wp-content\/uploads\/2026\/01\/Zone-Pierre-suchet_Sol-1-1024x528.jpg 1024w, https:\/\/www.pierresuchet.com\/Photo\/wp-content\/uploads\/2026\/01\/Zone-Pierre-suchet_Sol-1-300x155.jpg 300w, https:\/\/www.pierresuchet.com\/Photo\/wp-content\/uploads\/2026\/01\/Zone-Pierre-suchet_Sol-1-768x396.jpg 768w, https:\/\/www.pierresuchet.com\/Photo\/wp-content\/uploads\/2026\/01\/Zone-Pierre-suchet_Sol-1-1536x792.jpg 1536w, https:\/\/www.pierresuchet.com\/Photo\/wp-content\/uploads\/2026\/01\/Zone-Pierre-suchet_Sol-1-2048x1055.jpg 2048w, https:\/\/www.pierresuchet.com\/Photo\/wp-content\/uploads\/2026\/01\/Zone-Pierre-suchet_Sol-1-115x58.jpg 115w, https:\/\/www.pierresuchet.com\/Photo\/wp-content\/uploads\/2026\/01\/Zone-Pierre-suchet_Sol-1-950x490.jpg 950w, https:\/\/www.pierresuchet.com\/Photo\/wp-content\/uploads\/2026\/01\/Zone-Pierre-suchet_Sol-1-280x144.jpg 280w\" sizes=\"auto, (max-width: 950px) 100vw, 950px\" \/><br>Le vernissage aura lieu le <strong>jeudi 5 f\u00e9vrier 2026 \u00e0 18h30<\/strong> <br>au Rize, 23-25 rue Valentin-Ha\u00fcy, 69100 Villeurbanne<br><br>L&rsquo;exposition est accompagn\u00e9e de nombreux&nbsp;\u00e9v\u00e9nements :<br>&#8211; visites comment\u00e9es de l&rsquo;exposition, tous les mois, avec un focus diff\u00e9rent \u00e0 chaque visite<br>&#8211; atelier d&rsquo;\u00e9criture sur le th\u00e8me de l&rsquo;eau avec Wendy Delorme, autrice des magnifiques &lsquo;Le chant de la rivi\u00e8re&rsquo; et &lsquo;Le parlement de l&rsquo;eau&rsquo; aux \u00e9ditions Cambourakis<br>&#8211; balades&nbsp;urbaines autour de la Rize les 30 mai et 20 juin.<br><br>La programmation associ\u00e9e jusqu&rsquo;en juin est <a href=\"https:\/\/lerize.villeurbanne.fr\/aquarize\/\" target=\"_blank\" rel=\"noopener\">disponible ici.<\/a><br><br>Notamment, je donnerai une conf\u00e9rence le <strong>jeudi 5 mars \u00e0 19h30.<\/strong> Je pr\u00e9senterai mes enqu\u00eates photographiques de longue dur\u00e9e sur les cours d\u2019eau, en France et \u00e0 l\u2019\u00e9tranger, men\u00e9es en relation avec des chercheurs en sciences humaines et sociales. Je pr\u00e9senterai ma m\u00e9thode et le r\u00e9sultat de mes travaux \u2013 termin\u00e9s ou en cours \u2013 sur diff\u00e9rentes rivi\u00e8res : la Ni\u00e8vre dans le d\u00e9partement \u00e9ponyme, le Furan \u00e0 Saint-Etienne, l\u2019Yzeron et la Rize dans la m\u00e9tropole de Lyon, la Besbre dans la Loire et l\u2019Allier, la Senouire en Haute-Loire.<br><a href=\"https:\/\/lerize.villeurbanne.fr\/agenda\/rivieres-urbaines\/\" target=\"_blank\" rel=\"noopener\">R\u00e9servation (gratuite) conseill\u00e9e<\/a><\/span><\/span><\/p>\n<p><span class=\"break-words\n          tvm-parent-container\"><span dir=\"ltr\">D&rsquo;autres \u00e9v\u00e9nements sont en cours de pr\u00e9paration pour le second semestre.<br><br>Au plaisir de vous revoir \u00e0 l&rsquo;une ou l&rsquo;autre de ces occasions.<\/span><\/span><\/p>\n","protected":false},"excerpt":{"rendered":"<p>C&rsquo;est une grande joie de participer \u00e0 l&rsquo;exposition Aqua-Rize, ouverte au public depuis le 15 janvier.<\/p>\n<p>Le Rize \u00e0 Villeurbanne a choisi la th\u00e9matique de l&rsquo;eau pour sa saison culturelle 2026.<br \/>\nCette grande exposition, m\u00eale documents d&rsquo;archives (photographies, cartes anciennes, documents,&#8230;), travaux d&rsquo;artistes (Nan Goldin, Katinka Bock, Suzanne Husky, Philippe Daney, Yayoi Kusama, Mich\u00e8le Magema,&#8230;), textes d&rsquo;auteurs et autrices (Wendy Delorme,&#8230;), interviews de chercheurs travaillant sur l&rsquo;eau (Anne Honegger, Marylise Cottet, Herv\u00e9 Pi\u00e9gay, Bernard Chocat,&#8230;) et de nombreuses autres personnes.<\/p>\n<p>J&rsquo;ai le plaisir d&rsquo;avoir une salle d\u00e9di\u00e9e \u00e0 mon travail sur le ruisseau de la Rize, r\u00e9alis\u00e9 entre 2020 et 2025.<\/p>\n","protected":false},"author":1,"featured_media":3441,"comment_status":"open","ping_status":"open","sticky":false,"template":"","format":"standard","meta":{"_monsterinsights_skip_tracking":false,"_monsterinsights_sitenote_active":false,"_monsterinsights_sitenote_note":"","_monsterinsights_sitenote_category":0,"ngg_post_thumbnail":0,"footnotes":""},"categories":[258,26],"tags":[259,23,52,36],"class_list":["post-3440","post","type-post","status-publish","format-standard","has-post-thumbnail","hentry","category-258","category-expositions","tag-la-rize","tag-exposition","tag-lyon","tag-riviere"],"_links":{"self":[{"href":"https:\/\/www.pierresuchet.com\/index.php?rest_route=\/wp\/v2\/posts\/3440","targetHints":{"allow":["GET"]}}],"collection":[{"href":"https:\/\/www.pierresuchet.com\/index.php?rest_route=\/wp\/v2\/posts"}],"about":[{"href":"https:\/\/www.pierresuchet.com\/index.php?rest_route=\/wp\/v2\/types\/post"}],"author":[{"embeddable":true,"href":"https:\/\/www.pierresuchet.com\/index.php?rest_route=\/wp\/v2\/users\/1"}],"replies":[{"embeddable":true,"href":"https:\/\/www.pierresuchet.com\/index.php?rest_route=%2Fwp%2Fv2%2Fcomments&post=3440"}],"version-history":[{"count":4,"href":"https:\/\/www.pierresuchet.com\/index.php?rest_route=\/wp\/v2\/posts\/3440\/revisions"}],"predecessor-version":[{"id":3446,"href":"https:\/\/www.pierresuchet.com\/index.php?rest_route=\/wp\/v2\/posts\/3440\/revisions\/3446"}],"wp:featuredmedia":[{"embeddable":true,"href":"https:\/\/www.pierresuchet.com\/index.php?rest_route=\/wp\/v2\/media\/3441"}],"wp:attachment":[{"href":"https:\/\/www.pierresuchet.com\/index.php?rest_route=%2Fwp%2Fv2%2Fmedia&parent=3440"}],"wp:term":[{"taxonomy":"category","embeddable":true,"href":"https:\/\/www.pierresuchet.com\/index.php?rest_route=%2Fwp%2Fv2%2Fcategories&post=3440"},{"taxonomy":"post_tag","embeddable":true,"href":"https:\/\/www.pierresuchet.com\/index.php?rest_route=%2Fwp%2Fv2%2Ftags&post=3440"}],"curies":[{"name":"wp","href":"https:\/\/api.w.org\/{rel}","templated":true}]}}